{"id":2657,"date":"2020-09-02T12:23:34","date_gmt":"2020-09-02T10:23:34","guid":{"rendered":"https:\/\/sombrafestival.com\/?p=2657"},"modified":"2020-09-02T19:42:58","modified_gmt":"2020-09-02T17:42:58","slug":"especial-programacion-filmin-sombra-2020","status":"publish","type":"post","link":"https:\/\/sombrafestival.com\/en\/especial-programacion-filmin-sombra-2020\/","title":{"rendered":"Especial programaci\u00f3n Filmin &#8211; Sombra 2020"},"content":{"rendered":"<h2>Sombra 2020 invade tu casa gracias a Filmin<\/h2>\n<p>La edici\u00f3n 2020 de Sombra viene repleta de novedades. Este a\u00f1o nos colamos en tu casa a trav\u00e9s de Filmin con una propuesta tan terror\u00edfica como variada.<\/p>\n<p style=\"text-align: center;\"><a href=\"https:\/\/www.filmin.es\/festival\/sombra\" target=\"_blank\" rel=\"noopener noreferrer\"><span class=\"td_btn td_btn_lg td_3D_btn\">PROGRAMACI\u00d3N FILMIN &#8211; SOMBRA 2020<\/span><\/a><\/p>\n<p>La <strong>IX edici\u00f3n del Festival de Cine Fant\u00e1stico Europeo de Murcia<\/strong> se celebrar\u00e1 del 18 al 26 de septiembre con una doble vertiente. Por un lado, disfrutaremos de nuestra programaci\u00f3n en la <strong>Filmoteca Regional de Murcia<\/strong> siguiendo todas las medidas de higiene y seguridad. Por otro, y como novedad para esta edici\u00f3n, parte de nuestra programaci\u00f3n ser\u00e1 online a trav\u00e9s de la plataforma <strong>Filmin<\/strong>.<\/p>\n<p><img loading=\"lazy\" decoding=\"async\" class=\"aligncenter wp-image-2659 size-full\" src=\"https:\/\/sombrafestival.com\/wp-content\/uploads\/2020\/09\/sombra2020filmin.jpg\" alt=\"Sombra 2020 filmin\" width=\"698\" height=\"354\" srcset=\"https:\/\/sombrafestival.com\/wp-content\/uploads\/2020\/09\/sombra2020filmin.jpg 698w, https:\/\/sombrafestival.com\/wp-content\/uploads\/2020\/09\/sombra2020filmin-300x152.jpg 300w, https:\/\/sombrafestival.com\/wp-content\/uploads\/2020\/09\/sombra2020filmin-696x354.jpg 696w\" sizes=\"auto, (max-width: 698px) 100vw, 698px\" \/><\/p>\n<h3>As\u00ed, <strong>Sombra 2020<\/strong> se cuela en tu casa para traerte algunos de nuestros ciclos especiales de esta edici\u00f3n.<\/h3>\n<ul>\n<li><strong>Ciclo Desde los muertos:<\/strong> una selecci\u00f3n con grandes cl\u00e1sicos del g\u00e9nero y algunas de las pel\u00edculas m\u00e1s interesantes de los \u00faltimos a\u00f1os.<\/li>\n<\/ul>\n<div id='gallery-1' class='gallery galleryid-2657 gallery-columns-5 gallery-size-medium'><figure class='gallery-item'>\n\t\t\t<div class='gallery-icon portrait'>\n\t\t\t\t<img loading=\"lazy\" decoding=\"async\" width=\"196\" height=\"300\" src=\"https:\/\/sombrafestival.com\/wp-content\/uploads\/2020\/08\/the_return_of_the_living_dead-745714155-large-196x300.jpg\" class=\"attachment-medium size-medium\" alt=\"\" srcset=\"https:\/\/sombrafestival.com\/wp-content\/uploads\/2020\/08\/the_return_of_the_living_dead-745714155-large-196x300.jpg 196w, https:\/\/sombrafestival.com\/wp-content\/uploads\/2020\/08\/the_return_of_the_living_dead-745714155-large-274x420.jpg 274w, https:\/\/sombrafestival.com\/wp-content\/uploads\/2020\/08\/the_return_of_the_living_dead-745714155-large.jpg 493w\" sizes=\"auto, (max-width: 196px) 100vw, 196px\" \/>\n\t\t\t<\/div><\/figure><figure class='gallery-item'>\n\t\t\t<div class='gallery-icon portrait'>\n\t\t\t\t<img loading=\"lazy\" decoding=\"async\" width=\"203\" height=\"300\" src=\"https:\/\/sombrafestival.com\/wp-content\/uploads\/2020\/08\/byzantium-cartel-203x300.jpg\" class=\"attachment-medium size-medium\" alt=\"\" srcset=\"https:\/\/sombrafestival.com\/wp-content\/uploads\/2020\/08\/byzantium-cartel-203x300.jpg 203w, https:\/\/sombrafestival.com\/wp-content\/uploads\/2020\/08\/byzantium-cartel-284x420.jpg 284w, https:\/\/sombrafestival.com\/wp-content\/uploads\/2020\/08\/byzantium-cartel.jpg 540w\" sizes=\"auto, (max-width: 203px) 100vw, 203px\" \/>\n\t\t\t<\/div><\/figure><figure class='gallery-item'>\n\t\t\t<div class='gallery-icon portrait'>\n\t\t\t\t<img loading=\"lazy\" decoding=\"async\" width=\"202\" height=\"300\" src=\"https:\/\/sombrafestival.com\/wp-content\/uploads\/2020\/08\/candyman-cartel-202x300.jpg\" class=\"attachment-medium size-medium\" alt=\"candyman cartel\" srcset=\"https:\/\/sombrafestival.com\/wp-content\/uploads\/2020\/08\/candyman-cartel-202x300.jpg 202w, https:\/\/sombrafestival.com\/wp-content\/uploads\/2020\/08\/candyman-cartel-283x420.jpg 283w, https:\/\/sombrafestival.com\/wp-content\/uploads\/2020\/08\/candyman-cartel.jpg 508w\" sizes=\"auto, (max-width: 202px) 100vw, 202px\" \/>\n\t\t\t<\/div><\/figure><figure class='gallery-item'>\n\t\t\t<div class='gallery-icon portrait'>\n\t\t\t\t<img loading=\"lazy\" decoding=\"async\" width=\"203\" height=\"300\" src=\"https:\/\/sombrafestival.com\/wp-content\/uploads\/2020\/08\/The-wailing-cartel-203x300.jpg\" class=\"attachment-medium size-medium\" alt=\"The wailing cartel\" srcset=\"https:\/\/sombrafestival.com\/wp-content\/uploads\/2020\/08\/The-wailing-cartel-203x300.jpg 203w, https:\/\/sombrafestival.com\/wp-content\/uploads\/2020\/08\/The-wailing-cartel-284x420.jpg 284w, https:\/\/sombrafestival.com\/wp-content\/uploads\/2020\/08\/The-wailing-cartel.jpg 540w\" sizes=\"auto, (max-width: 203px) 100vw, 203px\" \/>\n\t\t\t<\/div><\/figure><figure class='gallery-item'>\n\t\t\t<div class='gallery-icon portrait'>\n\t\t\t\t<img loading=\"lazy\" decoding=\"async\" width=\"202\" height=\"300\" src=\"https:\/\/sombrafestival.com\/wp-content\/uploads\/2020\/08\/the_autopsy_of_jane_doe-202x300.jpg\" class=\"attachment-medium size-medium\" alt=\"the_autopsy_of_jane_doe\" srcset=\"https:\/\/sombrafestival.com\/wp-content\/uploads\/2020\/08\/the_autopsy_of_jane_doe-202x300.jpg 202w, https:\/\/sombrafestival.com\/wp-content\/uploads\/2020\/08\/the_autopsy_of_jane_doe-283x420.jpg 283w, https:\/\/sombrafestival.com\/wp-content\/uploads\/2020\/08\/the_autopsy_of_jane_doe.jpg 674w\" sizes=\"auto, (max-width: 202px) 100vw, 202px\" \/>\n\t\t\t<\/div><\/figure>\n\t\t<\/div>\n\n<ul>\n<li><strong> Ciclo Mujeres en el cine de terror:<\/strong> con una muestra de pel\u00edculas de g\u00e9nero dirigidas por mujeres.<\/li>\n<\/ul>\n<div id='gallery-2' class='gallery galleryid-2657 gallery-columns-5 gallery-size-thumbnail'><figure class='gallery-item'>\n\t\t\t<div class='gallery-icon portrait'>\n\t\t\t\t<img loading=\"lazy\" decoding=\"async\" width=\"150\" height=\"150\" src=\"https:\/\/sombrafestival.com\/wp-content\/uploads\/2020\/08\/high-life-cartel-150x150.jpg\" class=\"attachment-thumbnail size-thumbnail\" alt=\"high-life-cartel\" \/>\n\t\t\t<\/div><\/figure><figure class='gallery-item'>\n\t\t\t<div class='gallery-icon portrait'>\n\t\t\t\t<img loading=\"lazy\" decoding=\"async\" width=\"150\" height=\"150\" src=\"https:\/\/sombrafestival.com\/wp-content\/uploads\/2020\/08\/en-mi-piel-150x150.jpg\" class=\"attachment-thumbnail size-thumbnail\" alt=\"En mi piel cartel\" \/>\n\t\t\t<\/div><\/figure><figure class='gallery-item'>\n\t\t\t<div class='gallery-icon portrait'>\n\t\t\t\t<img loading=\"lazy\" decoding=\"async\" width=\"150\" height=\"150\" src=\"https:\/\/sombrafestival.com\/wp-content\/uploads\/2020\/08\/the_love_witch-150x150.jpg\" class=\"attachment-thumbnail size-thumbnail\" alt=\"the_love_witch\" \/>\n\t\t\t<\/div><\/figure><figure class='gallery-item'>\n\t\t\t<div class='gallery-icon portrait'>\n\t\t\t\t<img loading=\"lazy\" decoding=\"async\" width=\"150\" height=\"150\" src=\"https:\/\/sombrafestival.com\/wp-content\/uploads\/2020\/08\/near-dark-150x150.jpg\" class=\"attachment-thumbnail size-thumbnail\" alt=\"near-dark\" \/>\n\t\t\t<\/div><\/figure><figure class='gallery-item'>\n\t\t\t<div class='gallery-icon portrait'>\n\t\t\t\t<img loading=\"lazy\" decoding=\"async\" width=\"150\" height=\"150\" src=\"https:\/\/sombrafestival.com\/wp-content\/uploads\/2020\/01\/the_babadook-131562437-large-150x150.jpg\" class=\"attachment-thumbnail size-thumbnail\" alt=\"the_babadook\" \/>\n\t\t\t<\/div><\/figure>\n\t\t<\/div>\n\n<ul>\n<li><strong> Ciclo Blood Window:<\/strong> un especial con lo m\u00e1s interesante del cine latinoamericano reciente<\/li>\n<\/ul>\n<div id='gallery-3' class='gallery galleryid-2657 gallery-columns-6 gallery-size-thumbnail'><figure class='gallery-item'>\n\t\t\t<div class='gallery-icon portrait'>\n\t\t\t\t<img loading=\"lazy\" decoding=\"async\" width=\"150\" height=\"150\" src=\"https:\/\/sombrafestival.com\/wp-content\/uploads\/2020\/07\/francesca_sombra2020-150x150.jpg\" class=\"attachment-thumbnail size-thumbnail\" alt=\"francesca_sombra2020\" \/>\n\t\t\t<\/div><\/figure><figure class='gallery-item'>\n\t\t\t<div class='gallery-icon portrait'>\n\t\t\t\t<img loading=\"lazy\" decoding=\"async\" width=\"150\" height=\"150\" src=\"https:\/\/sombrafestival.com\/wp-content\/uploads\/2020\/07\/sendero-cartel-150x150.jpg\" class=\"attachment-thumbnail size-thumbnail\" alt=\"sendero cartel\" \/>\n\t\t\t<\/div><\/figure><figure class='gallery-item'>\n\t\t\t<div class='gallery-icon portrait'>\n\t\t\t\t<img loading=\"lazy\" decoding=\"async\" width=\"150\" height=\"150\" src=\"https:\/\/sombrafestival.com\/wp-content\/uploads\/2020\/02\/senor-del-tiempo-150x150.jpg\" class=\"attachment-thumbnail size-thumbnail\" alt=\"\" \/>\n\t\t\t<\/div><\/figure><figure class='gallery-item'>\n\t\t\t<div class='gallery-icon portrait'>\n\t\t\t\t<img loading=\"lazy\" decoding=\"async\" width=\"150\" height=\"150\" src=\"https:\/\/sombrafestival.com\/wp-content\/uploads\/2020\/02\/wicca-150x150.jpg\" class=\"attachment-thumbnail size-thumbnail\" alt=\"\" \/>\n\t\t\t<\/div><\/figure><figure class='gallery-item'>\n\t\t\t<div class='gallery-icon portrait'>\n\t\t\t\t<img loading=\"lazy\" decoding=\"async\" width=\"150\" height=\"150\" src=\"https:\/\/sombrafestival.com\/wp-content\/uploads\/2020\/02\/moriran-los-ni\u00f1os-150x150.jpg\" class=\"attachment-thumbnail size-thumbnail\" alt=\"\" \/>\n\t\t\t<\/div><\/figure><figure class='gallery-item'>\n\t\t\t<div class='gallery-icon portrait'>\n\t\t\t\t<img loading=\"lazy\" decoding=\"async\" width=\"150\" height=\"150\" src=\"https:\/\/sombrafestival.com\/wp-content\/uploads\/2020\/02\/solapa-1-150x150.jpg\" class=\"attachment-thumbnail size-thumbnail\" alt=\"\" \/>\n\t\t\t<\/div><\/figure>\n\t\t<\/div>\n\n<ul>\n<li><strong>Ciclo Jinga:<\/strong> selecci\u00f3n de la productora Jinga Films<\/li>\n<\/ul>\n<div id='gallery-4' class='gallery galleryid-2657 gallery-columns-4 gallery-size-thumbnail'><figure class='gallery-item'>\n\t\t\t<div class='gallery-icon portrait'>\n\t\t\t\t<img loading=\"lazy\" decoding=\"async\" width=\"150\" height=\"150\" src=\"https:\/\/sombrafestival.com\/wp-content\/uploads\/2020\/07\/soy_toxico-972426499-large-150x150.jpg\" class=\"attachment-thumbnail size-thumbnail\" alt=\"cartel soy toxico\" \/>\n\t\t\t<\/div><\/figure><figure class='gallery-item'>\n\t\t\t<div class='gallery-icon portrait'>\n\t\t\t\t<img loading=\"lazy\" decoding=\"async\" width=\"150\" height=\"150\" src=\"https:\/\/sombrafestival.com\/wp-content\/uploads\/2020\/08\/sequence_break-150x150.jpg\" class=\"attachment-thumbnail size-thumbnail\" alt=\"sequence break\" \/>\n\t\t\t<\/div><\/figure>\n\t\t<\/div>\n\n<ul>\n<li><strong>Cortos A Competici\u00f3n:<\/strong> nuestra ya m\u00edtica secci\u00f3n de <a href=\"https:\/\/sombrafestival.com\/en\/programacion\/cortometrajes\/\">cortos a competici\u00f3n<\/a> con una selecci\u00f3n de cortometrajes de g\u00e9nero.<\/li>\n<\/ul>\n<p>&nbsp;<\/p>","protected":false},"excerpt":{"rendered":"<p>Sombra 2020 invade tu casa gracias a Filmin La edici\u00f3n 2020 de Sombra viene repleta de novedades. Este a\u00f1o nos colamos en tu casa a trav\u00e9s de Filmin con una propuesta tan terror\u00edfica como variada. PROGRAMACI\u00d3N FILMIN &#8211; SOMBRA 2020 La IX edici\u00f3n del Festival de Cine Fant\u00e1stico Europeo de Murcia se celebrar\u00e1 del 18 [&hellip;]<\/p>","protected":false},"author":2,"featured_media":2659,"comment_status":"closed","ping_status":"open","sticky":false,"template":"","format":"standard","meta":{"footnotes":""},"categories":[54],"tags":[112],"class_list":{"0":"post-2657","1":"post","2":"type-post","3":"status-publish","4":"format-standard","5":"has-post-thumbnail","7":"category-edicion-2020","8":"tag-filmin"},"yoast_head":"<!-- This site is optimized with the Yoast SEO plugin v24.3 - https:\/\/yoast.com\/wordpress\/plugins\/seo\/ -->\n<title>Especial programaci\u00f3n Filmin - Sombra 2020 - Sombra Festival<\/title>\n<meta name=\"robots\" content=\"index, follow, max-snippet:-1, max-image-preview:large, max-video-preview:-1\" \/>\n<link rel=\"canonical\" href=\"https:\/\/sombrafestival.com\/en\/especial-programacion-filmin-sombra-2020\/\" \/>\n<meta property=\"og:locale\" content=\"en_GB\" \/>\n<meta property=\"og:type\" content=\"article\" \/>\n<meta property=\"og:title\" content=\"Especial programaci\u00f3n Filmin - Sombra 2020 - Sombra Festival\" \/>\n<meta property=\"og:description\" content=\"Sombra 2020 invade tu casa gracias a Filmin La edici\u00f3n 2020 de Sombra viene repleta de novedades. Este a\u00f1o nos colamos en tu casa a trav\u00e9s de Filmin con una propuesta tan terror\u00edfica como variada. PROGRAMACI\u00d3N FILMIN &#8211; SOMBRA 2020 La IX edici\u00f3n del Festival de Cine Fant\u00e1stico Europeo de Murcia se celebrar\u00e1 del 18 [&hellip;]\" \/>\n<meta property=\"og:url\" content=\"https:\/\/sombrafestival.com\/en\/especial-programacion-filmin-sombra-2020\/\" \/>\n<meta property=\"og:site_name\" content=\"Sombra Festival\" \/>\n<meta property=\"article:publisher\" content=\"https:\/\/www.facebook.com\/Sombra-Festival-De-CINE-Fantastico-Europeo-De-Murcia-175337032531429\/\" \/>\n<meta property=\"article:published_time\" content=\"2020-09-02T10:23:34+00:00\" \/>\n<meta property=\"article:modified_time\" content=\"2020-09-02T17:42:58+00:00\" \/>\n<meta property=\"og:image\" content=\"https:\/\/sombrafestival.com\/wp-content\/uploads\/2020\/09\/sombra2020filmin.jpg\" \/>\n\t<meta property=\"og:image:width\" content=\"698\" \/>\n\t<meta property=\"og:image:height\" content=\"354\" \/>\n\t<meta property=\"og:image:type\" content=\"image\/jpeg\" \/>\n<meta name=\"author\" content=\"Sombra\" \/>\n<meta name=\"twitter:card\" content=\"summary_large_image\" \/>\n<meta name=\"twitter:creator\" content=\"@SombraFestival\" \/>\n<meta name=\"twitter:site\" content=\"@SombraFestival\" \/>\n<meta name=\"twitter:label1\" content=\"Written by\" \/>\n\t<meta name=\"twitter:data1\" content=\"Sombra\" \/>\n\t<meta name=\"twitter:label2\" content=\"Est. reading time\" \/>\n\t<meta name=\"twitter:data2\" content=\"1 minute\" \/>\n<script type=\"application\/ld+json\" class=\"yoast-schema-graph\">{\"@context\":\"https:\/\/schema.org\",\"@graph\":[{\"@type\":\"Article\",\"@id\":\"https:\/\/sombrafestival.com\/especial-programacion-filmin-sombra-2020\/#article\",\"isPartOf\":{\"@id\":\"https:\/\/sombrafestival.com\/especial-programacion-filmin-sombra-2020\/\"},\"author\":{\"name\":\"Sombra\",\"@id\":\"https:\/\/sombrafestival.com\/en\/#\/schema\/person\/5b4e2e16a807487562dc67313a1794a6\"},\"headline\":\"Especial programaci\u00f3n Filmin &#8211; Sombra 2020\",\"datePublished\":\"2020-09-02T10:23:34+00:00\",\"dateModified\":\"2020-09-02T17:42:58+00:00\",\"mainEntityOfPage\":{\"@id\":\"https:\/\/sombrafestival.com\/especial-programacion-filmin-sombra-2020\/\"},\"wordCount\":251,\"publisher\":{\"@id\":\"https:\/\/sombrafestival.com\/en\/#organization\"},\"image\":{\"@id\":\"https:\/\/sombrafestival.com\/especial-programacion-filmin-sombra-2020\/#primaryimage\"},\"thumbnailUrl\":\"https:\/\/sombrafestival.com\/wp-content\/uploads\/2020\/09\/sombra2020filmin.jpg\",\"keywords\":[\"Filmin\"],\"articleSection\":[\"Edici\u00f3n 2020\"],\"inLanguage\":\"en-GB\"},{\"@type\":\"WebPage\",\"@id\":\"https:\/\/sombrafestival.com\/especial-programacion-filmin-sombra-2020\/\",\"url\":\"https:\/\/sombrafestival.com\/especial-programacion-filmin-sombra-2020\/\",\"name\":\"Especial programaci\u00f3n Filmin - Sombra 2020 - Sombra Festival\",\"isPartOf\":{\"@id\":\"https:\/\/sombrafestival.com\/en\/#website\"},\"primaryImageOfPage\":{\"@id\":\"https:\/\/sombrafestival.com\/especial-programacion-filmin-sombra-2020\/#primaryimage\"},\"image\":{\"@id\":\"https:\/\/sombrafestival.com\/especial-programacion-filmin-sombra-2020\/#primaryimage\"},\"thumbnailUrl\":\"https:\/\/sombrafestival.com\/wp-content\/uploads\/2020\/09\/sombra2020filmin.jpg\",\"datePublished\":\"2020-09-02T10:23:34+00:00\",\"dateModified\":\"2020-09-02T17:42:58+00:00\",\"breadcrumb\":{\"@id\":\"https:\/\/sombrafestival.com\/especial-programacion-filmin-sombra-2020\/#breadcrumb\"},\"inLanguage\":\"en-GB\",\"potentialAction\":[{\"@type\":\"ReadAction\",\"target\":[\"https:\/\/sombrafestival.com\/especial-programacion-filmin-sombra-2020\/\"]}]},{\"@type\":\"ImageObject\",\"inLanguage\":\"en-GB\",\"@id\":\"https:\/\/sombrafestival.com\/especial-programacion-filmin-sombra-2020\/#primaryimage\",\"url\":\"https:\/\/sombrafestival.com\/wp-content\/uploads\/2020\/09\/sombra2020filmin.jpg\",\"contentUrl\":\"https:\/\/sombrafestival.com\/wp-content\/uploads\/2020\/09\/sombra2020filmin.jpg\",\"width\":698,\"height\":354,\"caption\":\"Sombra 2020 filmin\"},{\"@type\":\"BreadcrumbList\",\"@id\":\"https:\/\/sombrafestival.com\/especial-programacion-filmin-sombra-2020\/#breadcrumb\",\"itemListElement\":[{\"@type\":\"ListItem\",\"position\":1,\"name\":\"Portada\",\"item\":\"https:\/\/sombrafestival.com\/\"},{\"@type\":\"ListItem\",\"position\":2,\"name\":\"Especial programaci\u00f3n Filmin &#8211; Sombra 2020\"}]},{\"@type\":\"WebSite\",\"@id\":\"https:\/\/sombrafestival.com\/en\/#website\",\"url\":\"https:\/\/sombrafestival.com\/en\/\",\"name\":\"Sombra Festival\",\"description\":\"XIII Festival de Cine Fant\u00e1stico Europeo de Murcia, 8-17 MARZO 2024\",\"publisher\":{\"@id\":\"https:\/\/sombrafestival.com\/en\/#organization\"},\"potentialAction\":[{\"@type\":\"SearchAction\",\"target\":{\"@type\":\"EntryPoint\",\"urlTemplate\":\"https:\/\/sombrafestival.com\/en\/?s={search_term_string}\"},\"query-input\":{\"@type\":\"PropertyValueSpecification\",\"valueRequired\":true,\"valueName\":\"search_term_string\"}}],\"inLanguage\":\"en-GB\"},{\"@type\":\"Organization\",\"@id\":\"https:\/\/sombrafestival.com\/en\/#organization\",\"name\":\"SOMBRA, IX FESTIVAL DE CINE FANTASTICO EUROPEO DE MURCIA\",\"url\":\"https:\/\/sombrafestival.com\/en\/\",\"logo\":{\"@type\":\"ImageObject\",\"inLanguage\":\"en-GB\",\"@id\":\"https:\/\/sombrafestival.com\/en\/#\/schema\/logo\/image\/\",\"url\":\"https:\/\/sombrafestival.com\/wp-content\/uploads\/2019\/10\/Sombra-LogoIdentificador-Negativo.jpg\",\"contentUrl\":\"https:\/\/sombrafestival.com\/wp-content\/uploads\/2019\/10\/Sombra-LogoIdentificador-Negativo.jpg\",\"width\":400,\"height\":400,\"caption\":\"SOMBRA, IX FESTIVAL DE CINE FANTASTICO EUROPEO DE MURCIA\"},\"image\":{\"@id\":\"https:\/\/sombrafestival.com\/en\/#\/schema\/logo\/image\/\"},\"sameAs\":[\"https:\/\/www.facebook.com\/Sombra-Festival-De-CINE-Fantastico-Europeo-De-Murcia-175337032531429\/\",\"https:\/\/x.com\/SombraFestival\",\"https:\/\/www.instagram.com\/sombrafestival\/\",\"https:\/\/www.youtube.com\/channel\/UCBdSJni9V30Tq4cGf4Lj0Ug?view_as=subscriber\"]},{\"@type\":\"Person\",\"@id\":\"https:\/\/sombrafestival.com\/en\/#\/schema\/person\/5b4e2e16a807487562dc67313a1794a6\",\"name\":\"Sombra\",\"image\":{\"@type\":\"ImageObject\",\"inLanguage\":\"en-GB\",\"@id\":\"https:\/\/sombrafestival.com\/en\/#\/schema\/person\/image\/\",\"url\":\"https:\/\/secure.gravatar.com\/avatar\/78f04b11f1bd514b76c1be25b7b9b9d5?s=96&d=mm&r=g\",\"contentUrl\":\"https:\/\/secure.gravatar.com\/avatar\/78f04b11f1bd514b76c1be25b7b9b9d5?s=96&d=mm&r=g\",\"caption\":\"Sombra\"},\"url\":\"https:\/\/sombrafestival.com\/en\/author\/javier\/\"}]}<\/script>\n<!-- \/ Yoast SEO plugin. -->","yoast_head_json":{"title":"Especial programaci\u00f3n Filmin - Sombra 2020 - Sombra Festival","robots":{"index":"index","follow":"follow","max-snippet":"max-snippet:-1","max-image-preview":"max-image-preview:large","max-video-preview":"max-video-preview:-1"},"canonical":"https:\/\/sombrafestival.com\/en\/especial-programacion-filmin-sombra-2020\/","og_locale":"en_GB","og_type":"article","og_title":"Especial programaci\u00f3n Filmin - Sombra 2020 - Sombra Festival","og_description":"Sombra 2020 invade tu casa gracias a Filmin La edici\u00f3n 2020 de Sombra viene repleta de novedades. Este a\u00f1o nos colamos en tu casa a trav\u00e9s de Filmin con una propuesta tan terror\u00edfica como variada. PROGRAMACI\u00d3N FILMIN &#8211; SOMBRA 2020 La IX edici\u00f3n del Festival de Cine Fant\u00e1stico Europeo de Murcia se celebrar\u00e1 del 18 [&hellip;]","og_url":"https:\/\/sombrafestival.com\/en\/especial-programacion-filmin-sombra-2020\/","og_site_name":"Sombra Festival","article_publisher":"https:\/\/www.facebook.com\/Sombra-Festival-De-CINE-Fantastico-Europeo-De-Murcia-175337032531429\/","article_published_time":"2020-09-02T10:23:34+00:00","article_modified_time":"2020-09-02T17:42:58+00:00","og_image":[{"width":698,"height":354,"url":"https:\/\/sombrafestival.com\/wp-content\/uploads\/2020\/09\/sombra2020filmin.jpg","type":"image\/jpeg"}],"author":"Sombra","twitter_card":"summary_large_image","twitter_creator":"@SombraFestival","twitter_site":"@SombraFestival","twitter_misc":{"Written by":"Sombra","Est. reading time":"1 minute"},"schema":{"@context":"https:\/\/schema.org","@graph":[{"@type":"Article","@id":"https:\/\/sombrafestival.com\/especial-programacion-filmin-sombra-2020\/#article","isPartOf":{"@id":"https:\/\/sombrafestival.com\/especial-programacion-filmin-sombra-2020\/"},"author":{"name":"Sombra","@id":"https:\/\/sombrafestival.com\/en\/#\/schema\/person\/5b4e2e16a807487562dc67313a1794a6"},"headline":"Especial programaci\u00f3n Filmin &#8211; Sombra 2020","datePublished":"2020-09-02T10:23:34+00:00","dateModified":"2020-09-02T17:42:58+00:00","mainEntityOfPage":{"@id":"https:\/\/sombrafestival.com\/especial-programacion-filmin-sombra-2020\/"},"wordCount":251,"publisher":{"@id":"https:\/\/sombrafestival.com\/en\/#organization"},"image":{"@id":"https:\/\/sombrafestival.com\/especial-programacion-filmin-sombra-2020\/#primaryimage"},"thumbnailUrl":"https:\/\/sombrafestival.com\/wp-content\/uploads\/2020\/09\/sombra2020filmin.jpg","keywords":["Filmin"],"articleSection":["Edici\u00f3n 2020"],"inLanguage":"en-GB"},{"@type":"WebPage","@id":"https:\/\/sombrafestival.com\/especial-programacion-filmin-sombra-2020\/","url":"https:\/\/sombrafestival.com\/especial-programacion-filmin-sombra-2020\/","name":"Especial programaci\u00f3n Filmin - Sombra 2020 - Sombra Festival","isPartOf":{"@id":"https:\/\/sombrafestival.com\/en\/#website"},"primaryImageOfPage":{"@id":"https:\/\/sombrafestival.com\/especial-programacion-filmin-sombra-2020\/#primaryimage"},"image":{"@id":"https:\/\/sombrafestival.com\/especial-programacion-filmin-sombra-2020\/#primaryimage"},"thumbnailUrl":"https:\/\/sombrafestival.com\/wp-content\/uploads\/2020\/09\/sombra2020filmin.jpg","datePublished":"2020-09-02T10:23:34+00:00","dateModified":"2020-09-02T17:42:58+00:00","breadcrumb":{"@id":"https:\/\/sombrafestival.com\/especial-programacion-filmin-sombra-2020\/#breadcrumb"},"inLanguage":"en-GB","potentialAction":[{"@type":"ReadAction","target":["https:\/\/sombrafestival.com\/especial-programacion-filmin-sombra-2020\/"]}]},{"@type":"ImageObject","inLanguage":"en-GB","@id":"https:\/\/sombrafestival.com\/especial-programacion-filmin-sombra-2020\/#primaryimage","url":"https:\/\/sombrafestival.com\/wp-content\/uploads\/2020\/09\/sombra2020filmin.jpg","contentUrl":"https:\/\/sombrafestival.com\/wp-content\/uploads\/2020\/09\/sombra2020filmin.jpg","width":698,"height":354,"caption":"Sombra 2020 filmin"},{"@type":"BreadcrumbList","@id":"https:\/\/sombrafestival.com\/especial-programacion-filmin-sombra-2020\/#breadcrumb","itemListElement":[{"@type":"ListItem","position":1,"name":"Portada","item":"https:\/\/sombrafestival.com\/"},{"@type":"ListItem","position":2,"name":"Especial programaci\u00f3n Filmin &#8211; Sombra 2020"}]},{"@type":"WebSite","@id":"https:\/\/sombrafestival.com\/en\/#website","url":"https:\/\/sombrafestival.com\/en\/","name":"Sombra Festival","description":"XIII Festival de Cine Fant\u00e1stico Europeo de Murcia, 8-17 MARZO 2024","publisher":{"@id":"https:\/\/sombrafestival.com\/en\/#organization"},"potentialAction":[{"@type":"SearchAction","target":{"@type":"EntryPoint","urlTemplate":"https:\/\/sombrafestival.com\/en\/?s={search_term_string}"},"query-input":{"@type":"PropertyValueSpecification","valueRequired":true,"valueName":"search_term_string"}}],"inLanguage":"en-GB"},{"@type":"Organization","@id":"https:\/\/sombrafestival.com\/en\/#organization","name":"SOMBRA, IX FESTIVAL DE CINE FANTASTICO EUROPEO DE MURCIA","url":"https:\/\/sombrafestival.com\/en\/","logo":{"@type":"ImageObject","inLanguage":"en-GB","@id":"https:\/\/sombrafestival.com\/en\/#\/schema\/logo\/image\/","url":"https:\/\/sombrafestival.com\/wp-content\/uploads\/2019\/10\/Sombra-LogoIdentificador-Negativo.jpg","contentUrl":"https:\/\/sombrafestival.com\/wp-content\/uploads\/2019\/10\/Sombra-LogoIdentificador-Negativo.jpg","width":400,"height":400,"caption":"SOMBRA, IX FESTIVAL DE CINE FANTASTICO EUROPEO DE MURCIA"},"image":{"@id":"https:\/\/sombrafestival.com\/en\/#\/schema\/logo\/image\/"},"sameAs":["https:\/\/www.facebook.com\/Sombra-Festival-De-CINE-Fantastico-Europeo-De-Murcia-175337032531429\/","https:\/\/x.com\/SombraFestival","https:\/\/www.instagram.com\/sombrafestival\/","https:\/\/www.youtube.com\/channel\/UCBdSJni9V30Tq4cGf4Lj0Ug?view_as=subscriber"]},{"@type":"Person","@id":"https:\/\/sombrafestival.com\/en\/#\/schema\/person\/5b4e2e16a807487562dc67313a1794a6","name":"Sombra","image":{"@type":"ImageObject","inLanguage":"en-GB","@id":"https:\/\/sombrafestival.com\/en\/#\/schema\/person\/image\/","url":"https:\/\/secure.gravatar.com\/avatar\/78f04b11f1bd514b76c1be25b7b9b9d5?s=96&d=mm&r=g","contentUrl":"https:\/\/secure.gravatar.com\/avatar\/78f04b11f1bd514b76c1be25b7b9b9d5?s=96&d=mm&r=g","caption":"Sombra"},"url":"https:\/\/sombrafestival.com\/en\/author\/javier\/"}]}},"_links":{"self":[{"href":"https:\/\/sombrafestival.com\/en\/wp-json\/wp\/v2\/posts\/2657","targetHints":{"allow":["GET"]}}],"collection":[{"href":"https:\/\/sombrafestival.com\/en\/wp-json\/wp\/v2\/posts"}],"about":[{"href":"https:\/\/sombrafestival.com\/en\/wp-json\/wp\/v2\/types\/post"}],"author":[{"embeddable":true,"href":"https:\/\/sombrafestival.com\/en\/wp-json\/wp\/v2\/users\/2"}],"replies":[{"embeddable":true,"href":"https:\/\/sombrafestival.com\/en\/wp-json\/wp\/v2\/comments?post=2657"}],"version-history":[{"count":5,"href":"https:\/\/sombrafestival.com\/en\/wp-json\/wp\/v2\/posts\/2657\/revisions"}],"predecessor-version":[{"id":2765,"href":"https:\/\/sombrafestival.com\/en\/wp-json\/wp\/v2\/posts\/2657\/revisions\/2765"}],"wp:featuredmedia":[{"embeddable":true,"href":"https:\/\/sombrafestival.com\/en\/wp-json\/wp\/v2\/media\/2659"}],"wp:attachment":[{"href":"https:\/\/sombrafestival.com\/en\/wp-json\/wp\/v2\/media?parent=2657"}],"wp:term":[{"taxonomy":"category","embeddable":true,"href":"https:\/\/sombrafestival.com\/en\/wp-json\/wp\/v2\/categories?post=2657"},{"taxonomy":"post_tag","embeddable":true,"href":"https:\/\/sombrafestival.com\/en\/wp-json\/wp\/v2\/tags?post=2657"}],"curies":[{"name":"wp","href":"https:\/\/api.w.org\/{rel}","templated":true}]}}