{"id":288,"date":"2019-03-04T18:35:41","date_gmt":"2019-03-04T17:35:41","guid":{"rendered":"https:\/\/pruebas.libretacontachon.es\/?p=288"},"modified":"2019-03-04T18:35:41","modified_gmt":"2019-03-04T17:35:41","slug":"invitados-viii-edicion","status":"publish","type":"post","link":"https:\/\/sombrafestival.com\/en\/invitados-viii-edicion\/","title":{"rendered":"INVITADOS VIII EDICION"},"content":{"rendered":"<p>\u2026Y para el VIII C-fem contaremos aqu\u00ed con los siguientes invitados, a lo larto de la semana del 22 al 30 de Marzo.<\/p>\n\n\n\n<h4 class=\"wp-block-heading\"><strong>Jaume Balaguer\u00f3<\/strong><\/h4>\n\n\n\n<p><strong>Viernes, 29 de marzo<\/strong><\/p>\n\n\n\n<p>Recibir\u00e1 el premio&nbsp;<strong>Serial Killer<\/strong>&nbsp;por su contribuci\u00f3n a la difusi\u00f3n y promoci\u00f3n del Fant\u00e1stico en Espa\u00f1a.&nbsp;<\/p>\n\n\n\n<ul class=\"wp-block-list\"><li>19,30 horas: Q &amp; A Jaume Balaguer\u00f3 y Fernando Abril, Sala B Filmoteca Regional.<\/li><li>20,30 horas&nbsp; Entrega del premio SERIAL KILLER previo a la proyecci\u00f3n de REC.<\/li><\/ul>\n\n\n\n<h4 class=\"wp-block-heading\"><strong>Jack Taylor<\/strong><\/h4>\n\n\n\n<p><strong>S\u00e1bado, 23 de marzo<\/strong><\/p>\n\n\n\n<p>Presentar\u00e1 el documental JACK TAYLOR, T\u00c9STIGO DEL FANT\u00c1STICO.&nbsp;<\/p>\n\n\n\n<ul class=\"wp-block-list\"><li>Q &amp; A Jack Taylor &amp; Diego L\u00f3pez,&nbsp;Sala&nbsp;A Filmoteca Regional<\/li><\/ul>\n\n\n\n<h4 class=\"wp-block-heading\"><strong>Aisslinn Clark<\/strong><\/h4>\n\n\n\n<p><strong>S\u00e1bado 23 de Marzo,&nbsp;Sala B Filmoteca Regional.<\/strong><\/p>\n\n\n\n<p>Presentando THE DEVIL\u00b4S DOORWAy, y participando en el encuentro con&nbsp;<strong>Omar Parra (Programador Festival Molins de Rei) \u00abCine de g\u00e9nero europeo, patrimonio cultural y reflejos sociales en Europa\u00bb.<br>&nbsp;&nbsp;<\/strong><\/p>\n\n\n\n<h4 class=\"wp-block-heading\"><strong>Diego L\u00f3pez.<\/strong><\/h4>\n\n\n\n<p><strong>S\u00e1bado 23 de Marzo,&nbsp;Sala&nbsp;a Filmoteca Regional.<\/strong><\/p>\n\n\n\n<p>Director de Jack Taylor, T\u00e9stigo del Fant\u00e1stico, Programador de Brigadoon en Sitges Festival.&nbsp;<\/p>\n\n\n\n<ul class=\"wp-block-list\"><li>Q &amp; A Jack Taylor &amp; Diego L\u00f3pez,&nbsp;Sala&nbsp;A Filmoteca Regional<\/li><\/ul>\n\n\n\n<h4 class=\"wp-block-heading\"><strong>Tirso Calero<\/strong><\/h4>\n\n\n\n<p><strong>Martes 26de Marzo, Aula Cultura Fundaci\u00f3n CAM.&nbsp;<\/strong><\/p>\n\n\n\n<p>Showrunner \u00abServir y proteger, El Pr\u00edncipe\u00bb.<\/p>\n\n\n\n<ul class=\"wp-block-list\"><li>Masterclass \u00abGui\u00f3n en Series TV y showrunners\u00bb<\/li><\/ul>\n\n\n\n<h4 class=\"wp-block-heading\"><strong>Fernando Dagnino<\/strong>&nbsp;(\u00abSmart Girl\u00bb) y&nbsp;<strong>Dani Acu\u00f1a&nbsp;<\/strong>(\u00abLos Vengadores, Pantera Negra\u00bb)<\/h4>\n\n\n\n<p><strong>Mi\u00e9rcoles 27 de Marzo, Filmoteca Regional.&nbsp;<\/strong><\/p>\n\n\n\n<ul class=\"wp-block-list\"><li>Charla mano a mano sobre Smart Girl y otros elementos del&nbsp; mercado franc\u00e9s y USA. Premiere de Smart Girl en Espa\u00f1a.&nbsp;<\/li><\/ul>\n\n\n\n<h4 class=\"wp-block-heading\"><strong>Alitha Mart\u00ednez (\u00abIron Man, Bat Girl\u00bb)<\/strong><\/h4>\n\n\n\n<p><strong>Jueves 28 de Marzo.&nbsp;<\/strong><\/p>\n\n\n\n<ul class=\"wp-block-list\"><li>Masterclass en la Comiteca Regional.&nbsp;&nbsp;<\/li><\/ul>\n\n\n\n<h4 class=\"wp-block-heading\"><strong>Sergio Molina<\/strong>&nbsp;<\/h4>\n\n\n\n<p><strong>Viernes 22, Inauguraci\u00f3n, Sala A Filmoteca Regional.&nbsp;<\/strong><\/p>\n\n\n\n<h4 class=\"wp-block-heading\">Manolo Mungu\u00eda y Sergio Mart\u00ednez (H0us3)<\/h4>\n\n\n\n<p><strong>Presentaci\u00f3n H0us3, Lunes 25 de Marzo,<\/strong>&nbsp;<strong>Sala A Filmoteca Regional.&nbsp;<\/strong><\/p>","protected":false},"excerpt":{"rendered":"<p>\u2026Y para el VIII C-fem contaremos aqu\u00ed con los siguientes invitados, a lo larto de la semana del 22 al 30 de Marzo. Jaume Balaguer\u00f3 Viernes, 29 de marzo Recibir\u00e1 el premio&nbsp;Serial Killer&nbsp;por su contribuci\u00f3n a la difusi\u00f3n y promoci\u00f3n del Fant\u00e1stico en Espa\u00f1a.&nbsp; 19,30 horas: Q &amp; A Jaume Balaguer\u00f3 y Fernando Abril, Sala [&hellip;]<\/p>","protected":false},"author":1,"featured_media":219,"comment_status":"open","ping_status":"open","sticky":false,"template":"","format":"standard","meta":{"footnotes":""},"categories":[17],"tags":[],"class_list":{"0":"post-288","1":"post","2":"type-post","3":"status-publish","4":"format-standard","5":"has-post-thumbnail","7":"category-programacion"},"yoast_head":"<!-- This site is optimized with the Yoast SEO plugin v24.3 - https:\/\/yoast.com\/wordpress\/plugins\/seo\/ -->\n<title>INVITADOS VIII EDICION - Sombra Festival<\/title>\n<meta name=\"robots\" content=\"index, follow, max-snippet:-1, max-image-preview:large, max-video-preview:-1\" \/>\n<link rel=\"canonical\" href=\"https:\/\/sombrafestival.com\/en\/invitados-viii-edicion\/\" \/>\n<meta property=\"og:locale\" content=\"en_GB\" \/>\n<meta property=\"og:type\" content=\"article\" \/>\n<meta property=\"og:title\" content=\"INVITADOS VIII EDICION - Sombra Festival\" \/>\n<meta property=\"og:description\" content=\"\u2026Y para el VIII C-fem contaremos aqu\u00ed con los siguientes invitados, a lo larto de la semana del 22 al 30 de Marzo. Jaume Balaguer\u00f3 Viernes, 29 de marzo Recibir\u00e1 el premio&nbsp;Serial Killer&nbsp;por su contribuci\u00f3n a la difusi\u00f3n y promoci\u00f3n del Fant\u00e1stico en Espa\u00f1a.&nbsp; 19,30 horas: Q &amp; A Jaume Balaguer\u00f3 y Fernando Abril, Sala [&hellip;]\" \/>\n<meta property=\"og:url\" content=\"https:\/\/sombrafestival.com\/en\/invitados-viii-edicion\/\" \/>\n<meta property=\"og:site_name\" content=\"Sombra Festival\" \/>\n<meta property=\"article:publisher\" content=\"https:\/\/www.facebook.com\/Sombra-Festival-De-CINE-Fantastico-Europeo-De-Murcia-175337032531429\/\" \/>\n<meta property=\"article:published_time\" content=\"2019-03-04T17:35:41+00:00\" \/>\n<meta property=\"og:image\" content=\"https:\/\/sombrafestival.com\/wp-content\/uploads\/2019\/09\/MV5BMTQzNTNkZDYtOTRiNi00MjI0LTg3ZGMtMDQ2NWQwMDEwNjBiXkEyXkFqcGdeQXVyMjUyNDk2ODc@._V1_SY1000_CR0013071000_AL_.jpg\" \/>\n\t<meta property=\"og:image:width\" content=\"1307\" \/>\n\t<meta property=\"og:image:height\" content=\"1000\" \/>\n\t<meta property=\"og:image:type\" content=\"image\/jpeg\" \/>\n<meta name=\"author\" content=\"jeff\" \/>\n<meta name=\"twitter:card\" content=\"summary_large_image\" \/>\n<meta name=\"twitter:creator\" content=\"@SombraFestival\" \/>\n<meta name=\"twitter:site\" content=\"@SombraFestival\" \/>\n<meta name=\"twitter:label1\" content=\"Written by\" \/>\n\t<meta name=\"twitter:data1\" content=\"jeff\" \/>\n\t<meta name=\"twitter:label2\" content=\"Est. reading time\" \/>\n\t<meta name=\"twitter:data2\" content=\"2 minutes\" \/>\n<script type=\"application\/ld+json\" class=\"yoast-schema-graph\">{\"@context\":\"https:\/\/schema.org\",\"@graph\":[{\"@type\":\"Article\",\"@id\":\"https:\/\/sombrafestival.com\/invitados-viii-edicion\/#article\",\"isPartOf\":{\"@id\":\"https:\/\/sombrafestival.com\/invitados-viii-edicion\/\"},\"author\":{\"name\":\"jeff\",\"@id\":\"https:\/\/sombrafestival.com\/en\/#\/schema\/person\/bb20d3998e4e628d6d63635f93aa9956\"},\"headline\":\"INVITADOS VIII EDICION\",\"datePublished\":\"2019-03-04T17:35:41+00:00\",\"dateModified\":\"2019-03-04T17:35:41+00:00\",\"mainEntityOfPage\":{\"@id\":\"https:\/\/sombrafestival.com\/invitados-viii-edicion\/\"},\"wordCount\":325,\"commentCount\":0,\"publisher\":{\"@id\":\"https:\/\/sombrafestival.com\/en\/#organization\"},\"image\":{\"@id\":\"https:\/\/sombrafestival.com\/invitados-viii-edicion\/#primaryimage\"},\"thumbnailUrl\":\"https:\/\/sombrafestival.com\/wp-content\/uploads\/2019\/09\/MV5BMTQzNTNkZDYtOTRiNi00MjI0LTg3ZGMtMDQ2NWQwMDEwNjBiXkEyXkFqcGdeQXVyMjUyNDk2ODc@._V1_SY1000_CR0013071000_AL_.jpg\",\"articleSection\":[\"Programaci\u00f3n\"],\"inLanguage\":\"en-GB\",\"potentialAction\":[{\"@type\":\"CommentAction\",\"name\":\"Comment\",\"target\":[\"https:\/\/sombrafestival.com\/invitados-viii-edicion\/#respond\"]}]},{\"@type\":\"WebPage\",\"@id\":\"https:\/\/sombrafestival.com\/invitados-viii-edicion\/\",\"url\":\"https:\/\/sombrafestival.com\/invitados-viii-edicion\/\",\"name\":\"INVITADOS VIII EDICION - Sombra Festival\",\"isPartOf\":{\"@id\":\"https:\/\/sombrafestival.com\/en\/#website\"},\"primaryImageOfPage\":{\"@id\":\"https:\/\/sombrafestival.com\/invitados-viii-edicion\/#primaryimage\"},\"image\":{\"@id\":\"https:\/\/sombrafestival.com\/invitados-viii-edicion\/#primaryimage\"},\"thumbnailUrl\":\"https:\/\/sombrafestival.com\/wp-content\/uploads\/2019\/09\/MV5BMTQzNTNkZDYtOTRiNi00MjI0LTg3ZGMtMDQ2NWQwMDEwNjBiXkEyXkFqcGdeQXVyMjUyNDk2ODc@._V1_SY1000_CR0013071000_AL_.jpg\",\"datePublished\":\"2019-03-04T17:35:41+00:00\",\"dateModified\":\"2019-03-04T17:35:41+00:00\",\"breadcrumb\":{\"@id\":\"https:\/\/sombrafestival.com\/invitados-viii-edicion\/#breadcrumb\"},\"inLanguage\":\"en-GB\",\"potentialAction\":[{\"@type\":\"ReadAction\",\"target\":[\"https:\/\/sombrafestival.com\/invitados-viii-edicion\/\"]}]},{\"@type\":\"ImageObject\",\"inLanguage\":\"en-GB\",\"@id\":\"https:\/\/sombrafestival.com\/invitados-viii-edicion\/#primaryimage\",\"url\":\"https:\/\/sombrafestival.com\/wp-content\/uploads\/2019\/09\/MV5BMTQzNTNkZDYtOTRiNi00MjI0LTg3ZGMtMDQ2NWQwMDEwNjBiXkEyXkFqcGdeQXVyMjUyNDk2ODc@._V1_SY1000_CR0013071000_AL_.jpg\",\"contentUrl\":\"https:\/\/sombrafestival.com\/wp-content\/uploads\/2019\/09\/MV5BMTQzNTNkZDYtOTRiNi00MjI0LTg3ZGMtMDQ2NWQwMDEwNjBiXkEyXkFqcGdeQXVyMjUyNDk2ODc@._V1_SY1000_CR0013071000_AL_.jpg\",\"width\":1307,\"height\":1000},{\"@type\":\"BreadcrumbList\",\"@id\":\"https:\/\/sombrafestival.com\/invitados-viii-edicion\/#breadcrumb\",\"itemListElement\":[{\"@type\":\"ListItem\",\"position\":1,\"name\":\"Portada\",\"item\":\"https:\/\/sombrafestival.com\/\"},{\"@type\":\"ListItem\",\"position\":2,\"name\":\"INVITADOS VIII EDICION\"}]},{\"@type\":\"WebSite\",\"@id\":\"https:\/\/sombrafestival.com\/en\/#website\",\"url\":\"https:\/\/sombrafestival.com\/en\/\",\"name\":\"Sombra Festival\",\"description\":\"XIII Festival de Cine Fant\u00e1stico Europeo de Murcia, 8-17 MARZO 2024\",\"publisher\":{\"@id\":\"https:\/\/sombrafestival.com\/en\/#organization\"},\"potentialAction\":[{\"@type\":\"SearchAction\",\"target\":{\"@type\":\"EntryPoint\",\"urlTemplate\":\"https:\/\/sombrafestival.com\/en\/?s={search_term_string}\"},\"query-input\":{\"@type\":\"PropertyValueSpecification\",\"valueRequired\":true,\"valueName\":\"search_term_string\"}}],\"inLanguage\":\"en-GB\"},{\"@type\":\"Organization\",\"@id\":\"https:\/\/sombrafestival.com\/en\/#organization\",\"name\":\"SOMBRA, IX FESTIVAL DE CINE FANTASTICO EUROPEO DE MURCIA\",\"url\":\"https:\/\/sombrafestival.com\/en\/\",\"logo\":{\"@type\":\"ImageObject\",\"inLanguage\":\"en-GB\",\"@id\":\"https:\/\/sombrafestival.com\/en\/#\/schema\/logo\/image\/\",\"url\":\"https:\/\/sombrafestival.com\/wp-content\/uploads\/2019\/10\/Sombra-LogoIdentificador-Negativo.jpg\",\"contentUrl\":\"https:\/\/sombrafestival.com\/wp-content\/uploads\/2019\/10\/Sombra-LogoIdentificador-Negativo.jpg\",\"width\":400,\"height\":400,\"caption\":\"SOMBRA, IX FESTIVAL DE CINE FANTASTICO EUROPEO DE MURCIA\"},\"image\":{\"@id\":\"https:\/\/sombrafestival.com\/en\/#\/schema\/logo\/image\/\"},\"sameAs\":[\"https:\/\/www.facebook.com\/Sombra-Festival-De-CINE-Fantastico-Europeo-De-Murcia-175337032531429\/\",\"https:\/\/x.com\/SombraFestival\",\"https:\/\/www.instagram.com\/sombrafestival\/\",\"https:\/\/www.youtube.com\/channel\/UCBdSJni9V30Tq4cGf4Lj0Ug?view_as=subscriber\"]},{\"@type\":\"Person\",\"@id\":\"https:\/\/sombrafestival.com\/en\/#\/schema\/person\/bb20d3998e4e628d6d63635f93aa9956\",\"name\":\"jeff\",\"image\":{\"@type\":\"ImageObject\",\"inLanguage\":\"en-GB\",\"@id\":\"https:\/\/sombrafestival.com\/en\/#\/schema\/person\/image\/\",\"url\":\"https:\/\/secure.gravatar.com\/avatar\/cdca270ede3e24552b0a19da86bfecd8?s=96&d=mm&r=g\",\"contentUrl\":\"https:\/\/secure.gravatar.com\/avatar\/cdca270ede3e24552b0a19da86bfecd8?s=96&d=mm&r=g\",\"caption\":\"jeff\"},\"url\":\"https:\/\/sombrafestival.com\/en\/author\/jeff\/\"}]}<\/script>\n<!-- \/ Yoast SEO plugin. -->","yoast_head_json":{"title":"INVITADOS VIII EDICION - Sombra Festival","robots":{"index":"index","follow":"follow","max-snippet":"max-snippet:-1","max-image-preview":"max-image-preview:large","max-video-preview":"max-video-preview:-1"},"canonical":"https:\/\/sombrafestival.com\/en\/invitados-viii-edicion\/","og_locale":"en_GB","og_type":"article","og_title":"INVITADOS VIII EDICION - Sombra Festival","og_description":"\u2026Y para el VIII C-fem contaremos aqu\u00ed con los siguientes invitados, a lo larto de la semana del 22 al 30 de Marzo. Jaume Balaguer\u00f3 Viernes, 29 de marzo Recibir\u00e1 el premio&nbsp;Serial Killer&nbsp;por su contribuci\u00f3n a la difusi\u00f3n y promoci\u00f3n del Fant\u00e1stico en Espa\u00f1a.&nbsp; 19,30 horas: Q &amp; A Jaume Balaguer\u00f3 y Fernando Abril, Sala [&hellip;]","og_url":"https:\/\/sombrafestival.com\/en\/invitados-viii-edicion\/","og_site_name":"Sombra Festival","article_publisher":"https:\/\/www.facebook.com\/Sombra-Festival-De-CINE-Fantastico-Europeo-De-Murcia-175337032531429\/","article_published_time":"2019-03-04T17:35:41+00:00","og_image":[{"width":1307,"height":1000,"url":"https:\/\/sombrafestival.com\/wp-content\/uploads\/2019\/09\/MV5BMTQzNTNkZDYtOTRiNi00MjI0LTg3ZGMtMDQ2NWQwMDEwNjBiXkEyXkFqcGdeQXVyMjUyNDk2ODc@._V1_SY1000_CR0013071000_AL_.jpg","type":"image\/jpeg"}],"author":"jeff","twitter_card":"summary_large_image","twitter_creator":"@SombraFestival","twitter_site":"@SombraFestival","twitter_misc":{"Written by":"jeff","Est. reading time":"2 minutes"},"schema":{"@context":"https:\/\/schema.org","@graph":[{"@type":"Article","@id":"https:\/\/sombrafestival.com\/invitados-viii-edicion\/#article","isPartOf":{"@id":"https:\/\/sombrafestival.com\/invitados-viii-edicion\/"},"author":{"name":"jeff","@id":"https:\/\/sombrafestival.com\/en\/#\/schema\/person\/bb20d3998e4e628d6d63635f93aa9956"},"headline":"INVITADOS VIII EDICION","datePublished":"2019-03-04T17:35:41+00:00","dateModified":"2019-03-04T17:35:41+00:00","mainEntityOfPage":{"@id":"https:\/\/sombrafestival.com\/invitados-viii-edicion\/"},"wordCount":325,"commentCount":0,"publisher":{"@id":"https:\/\/sombrafestival.com\/en\/#organization"},"image":{"@id":"https:\/\/sombrafestival.com\/invitados-viii-edicion\/#primaryimage"},"thumbnailUrl":"https:\/\/sombrafestival.com\/wp-content\/uploads\/2019\/09\/MV5BMTQzNTNkZDYtOTRiNi00MjI0LTg3ZGMtMDQ2NWQwMDEwNjBiXkEyXkFqcGdeQXVyMjUyNDk2ODc@._V1_SY1000_CR0013071000_AL_.jpg","articleSection":["Programaci\u00f3n"],"inLanguage":"en-GB","potentialAction":[{"@type":"CommentAction","name":"Comment","target":["https:\/\/sombrafestival.com\/invitados-viii-edicion\/#respond"]}]},{"@type":"WebPage","@id":"https:\/\/sombrafestival.com\/invitados-viii-edicion\/","url":"https:\/\/sombrafestival.com\/invitados-viii-edicion\/","name":"INVITADOS VIII EDICION - Sombra Festival","isPartOf":{"@id":"https:\/\/sombrafestival.com\/en\/#website"},"primaryImageOfPage":{"@id":"https:\/\/sombrafestival.com\/invitados-viii-edicion\/#primaryimage"},"image":{"@id":"https:\/\/sombrafestival.com\/invitados-viii-edicion\/#primaryimage"},"thumbnailUrl":"https:\/\/sombrafestival.com\/wp-content\/uploads\/2019\/09\/MV5BMTQzNTNkZDYtOTRiNi00MjI0LTg3ZGMtMDQ2NWQwMDEwNjBiXkEyXkFqcGdeQXVyMjUyNDk2ODc@._V1_SY1000_CR0013071000_AL_.jpg","datePublished":"2019-03-04T17:35:41+00:00","dateModified":"2019-03-04T17:35:41+00:00","breadcrumb":{"@id":"https:\/\/sombrafestival.com\/invitados-viii-edicion\/#breadcrumb"},"inLanguage":"en-GB","potentialAction":[{"@type":"ReadAction","target":["https:\/\/sombrafestival.com\/invitados-viii-edicion\/"]}]},{"@type":"ImageObject","inLanguage":"en-GB","@id":"https:\/\/sombrafestival.com\/invitados-viii-edicion\/#primaryimage","url":"https:\/\/sombrafestival.com\/wp-content\/uploads\/2019\/09\/MV5BMTQzNTNkZDYtOTRiNi00MjI0LTg3ZGMtMDQ2NWQwMDEwNjBiXkEyXkFqcGdeQXVyMjUyNDk2ODc@._V1_SY1000_CR0013071000_AL_.jpg","contentUrl":"https:\/\/sombrafestival.com\/wp-content\/uploads\/2019\/09\/MV5BMTQzNTNkZDYtOTRiNi00MjI0LTg3ZGMtMDQ2NWQwMDEwNjBiXkEyXkFqcGdeQXVyMjUyNDk2ODc@._V1_SY1000_CR0013071000_AL_.jpg","width":1307,"height":1000},{"@type":"BreadcrumbList","@id":"https:\/\/sombrafestival.com\/invitados-viii-edicion\/#breadcrumb","itemListElement":[{"@type":"ListItem","position":1,"name":"Portada","item":"https:\/\/sombrafestival.com\/"},{"@type":"ListItem","position":2,"name":"INVITADOS VIII EDICION"}]},{"@type":"WebSite","@id":"https:\/\/sombrafestival.com\/en\/#website","url":"https:\/\/sombrafestival.com\/en\/","name":"Sombra Festival","description":"XIII Festival de Cine Fant\u00e1stico Europeo de Murcia, 8-17 MARZO 2024","publisher":{"@id":"https:\/\/sombrafestival.com\/en\/#organization"},"potentialAction":[{"@type":"SearchAction","target":{"@type":"EntryPoint","urlTemplate":"https:\/\/sombrafestival.com\/en\/?s={search_term_string}"},"query-input":{"@type":"PropertyValueSpecification","valueRequired":true,"valueName":"search_term_string"}}],"inLanguage":"en-GB"},{"@type":"Organization","@id":"https:\/\/sombrafestival.com\/en\/#organization","name":"SOMBRA, IX FESTIVAL DE CINE FANTASTICO EUROPEO DE MURCIA","url":"https:\/\/sombrafestival.com\/en\/","logo":{"@type":"ImageObject","inLanguage":"en-GB","@id":"https:\/\/sombrafestival.com\/en\/#\/schema\/logo\/image\/","url":"https:\/\/sombrafestival.com\/wp-content\/uploads\/2019\/10\/Sombra-LogoIdentificador-Negativo.jpg","contentUrl":"https:\/\/sombrafestival.com\/wp-content\/uploads\/2019\/10\/Sombra-LogoIdentificador-Negativo.jpg","width":400,"height":400,"caption":"SOMBRA, IX FESTIVAL DE CINE FANTASTICO EUROPEO DE MURCIA"},"image":{"@id":"https:\/\/sombrafestival.com\/en\/#\/schema\/logo\/image\/"},"sameAs":["https:\/\/www.facebook.com\/Sombra-Festival-De-CINE-Fantastico-Europeo-De-Murcia-175337032531429\/","https:\/\/x.com\/SombraFestival","https:\/\/www.instagram.com\/sombrafestival\/","https:\/\/www.youtube.com\/channel\/UCBdSJni9V30Tq4cGf4Lj0Ug?view_as=subscriber"]},{"@type":"Person","@id":"https:\/\/sombrafestival.com\/en\/#\/schema\/person\/bb20d3998e4e628d6d63635f93aa9956","name":"jeff","image":{"@type":"ImageObject","inLanguage":"en-GB","@id":"https:\/\/sombrafestival.com\/en\/#\/schema\/person\/image\/","url":"https:\/\/secure.gravatar.com\/avatar\/cdca270ede3e24552b0a19da86bfecd8?s=96&d=mm&r=g","contentUrl":"https:\/\/secure.gravatar.com\/avatar\/cdca270ede3e24552b0a19da86bfecd8?s=96&d=mm&r=g","caption":"jeff"},"url":"https:\/\/sombrafestival.com\/en\/author\/jeff\/"}]}},"_links":{"self":[{"href":"https:\/\/sombrafestival.com\/en\/wp-json\/wp\/v2\/posts\/288","targetHints":{"allow":["GET"]}}],"collection":[{"href":"https:\/\/sombrafestival.com\/en\/wp-json\/wp\/v2\/posts"}],"about":[{"href":"https:\/\/sombrafestival.com\/en\/wp-json\/wp\/v2\/types\/post"}],"author":[{"embeddable":true,"href":"https:\/\/sombrafestival.com\/en\/wp-json\/wp\/v2\/users\/1"}],"replies":[{"embeddable":true,"href":"https:\/\/sombrafestival.com\/en\/wp-json\/wp\/v2\/comments?post=288"}],"version-history":[{"count":0,"href":"https:\/\/sombrafestival.com\/en\/wp-json\/wp\/v2\/posts\/288\/revisions"}],"wp:featuredmedia":[{"embeddable":true,"href":"https:\/\/sombrafestival.com\/en\/wp-json\/wp\/v2\/media\/219"}],"wp:attachment":[{"href":"https:\/\/sombrafestival.com\/en\/wp-json\/wp\/v2\/media?parent=288"}],"wp:term":[{"taxonomy":"category","embeddable":true,"href":"https:\/\/sombrafestival.com\/en\/wp-json\/wp\/v2\/categories?post=288"},{"taxonomy":"post_tag","embeddable":true,"href":"https:\/\/sombrafestival.com\/en\/wp-json\/wp\/v2\/tags?post=288"}],"curies":[{"name":"wp","href":"https:\/\/api.w.org\/{rel}","templated":true}]}}