{"id":294,"date":"2019-03-11T18:51:04","date_gmt":"2019-03-11T17:51:04","guid":{"rendered":"https:\/\/pruebas.libretacontachon.es\/?p=294"},"modified":"2019-03-11T18:51:04","modified_gmt":"2019-03-11T17:51:04","slug":"ganadores-del-concurso-de-spots-c-fem-2019","status":"publish","type":"post","link":"https:\/\/sombrafestival.com\/en\/ganadores-del-concurso-de-spots-c-fem-2019\/","title":{"rendered":"Ganadores del concurso de Spots C-FEM 2019"},"content":{"rendered":"<h3 class=\"wp-block-heading\">Ya conocemos los ganadores del concurso de Spots del C-FEM 2019 realizado por alumnos de Cesur audiovisual.<\/h3>\n\n\n\n<p><a href=\"http:\/\/www.c-fem.es\/concurso-spot-viii-c-fem\/\">Tal y como os comentamos<\/a>, los alumnos nos&nbsp;<strong>Cesur Murcia<\/strong>&nbsp;realizar\u00edan una serie de spots para el C-FEM 2019. Pues ya&nbsp;podemos disfrutar de todos los spots, as\u00ed como de los seleccionados como ganador y menci\u00f3n especial.<\/p>\n\n\n\n<p>Los spots ganadores se proyectar\u00e1n en la&nbsp;<strong>Filmoteca Regional<\/strong>. Queremos agradecer y dar la enhorabuena a todos los participantes que han hecho un magn\u00edfico trabajo repleto de creatividad.<\/p>\n\n\n\n<h4 class=\"wp-block-heading\">Primer Premio<\/h4>\n\n\n\n<figure class=\"wp-block-embed-youtube wp-block-embed is-type-video is-provider-youtube wp-embed-aspect-16-9 wp-has-aspect-ratio\"><div class=\"wp-block-embed__wrapper\">\n<iframe loading=\"lazy\" title=\"Spot C-fem Sara y Mangeles\" width=\"696\" height=\"392\" src=\"https:\/\/www.youtube.com\/embed\/wtrxihfW3Xc?feature=oembed&#038;enablejsapi=1\" frameborder=\"0\" allow=\"accelerometer; autoplay; encrypted-media; gyroscope; picture-in-picture\" allowfullscreen><\/iframe>\n<\/div><\/figure>\n\n\n\n<h5 class=\"wp-block-heading\">CR\u00c9DITOS:&nbsp;<\/h5>\n\n\n\n<ul class=\"wp-block-list\"><li><strong>Idea original:<\/strong>&nbsp;Sara Beltr\u00e1n, M\u00aa \u00c1ngeles Morales<\/li><li><strong>Realizaci\u00f3n:<\/strong>&nbsp;M\u00aa \u00c1ngeles Morales, Sara Beltr\u00e1n<\/li><li><strong>Producci\u00f3n:<\/strong>&nbsp;M\u00aa \u00c1ngeles Morales, Sara Beltr\u00e1n<\/li><li><strong>Equipo art\u00edstico (actores):<\/strong>&nbsp;Alberto Morales Ballesta<\/li><li><strong>Montaje y postproducci\u00f3n:<\/strong>&nbsp;Sara Beltr\u00e1n<\/li><li><strong>Sonido:<\/strong>&nbsp;Enrique Funes (Foley), Guillermo Barranco (M\u00fasica original)<\/li><\/ul>\n\n\n\n<h4 class=\"wp-block-heading\">Menci\u00f3n especial<\/h4>\n\n\n\n<figure class=\"wp-block-embed-youtube wp-block-embed is-type-video is-provider-youtube wp-embed-aspect-16-9 wp-has-aspect-ratio\"><div class=\"wp-block-embed__wrapper\">\n<iframe loading=\"lazy\" title=\"Spot C-fem  La bestia que vive en mi interior\" width=\"696\" height=\"392\" src=\"https:\/\/www.youtube.com\/embed\/JpcAjGKYxOM?feature=oembed&#038;enablejsapi=1\" frameborder=\"0\" allow=\"accelerometer; autoplay; encrypted-media; gyroscope; picture-in-picture\" allowfullscreen><\/iframe>\n<\/div><\/figure>\n\n\n\n<h5 class=\"wp-block-heading\">CR\u00c9DITOS:<\/h5>\n\n\n\n<ul class=\"wp-block-list\"><li>Idea original: Gonzalo Prieto Vicente<\/li><li>Realizaci\u00f3n: Pedro Jes\u00fas cano Beltr\u00e1n<\/li><li>Producci\u00f3n: Gonzalo Prieto Vicente, Pedro Jes\u00fas cano Beltr\u00e1n<\/li><li>Montaje y postproducci\u00f3n: Pedro Jes\u00fas Cano Beltr\u00e1n<\/li><li>Sonido original: Jorge Fern\u00e1ndez L\u00f3pez<\/li><\/ul>\n\n\n\n<p>Os dejamos una lista con todos los spots:<\/p>\n\n\n\n<figure class=\"wp-block-embed-youtube wp-block-embed is-type-video is-provider-youtube wp-embed-aspect-16-9 wp-has-aspect-ratio\"><div class=\"wp-block-embed__wrapper\">\n<div class=\"youtube-embed\" data-video_id=\"wtrxihfW3Xc\"><iframe loading=\"lazy\" title=\"Spot C-fem Sara y Mangeles\" width=\"696\" height=\"392\" src=\"https:\/\/www.youtube.com\/embed\/videoseries?list=PLq62Qc2Weo2mtB4plIHXiMJffA4X1JuzE&#038;enablejsapi=1\" frameborder=\"0\" allow=\"accelerometer; autoplay; encrypted-media; gyroscope; picture-in-picture\" allowfullscreen><\/iframe><\/div>\n<\/div><\/figure>","protected":false},"excerpt":{"rendered":"<p>Ya conocemos los ganadores del concurso de Spots del C-FEM 2019 realizado por alumnos de Cesur audiovisual. Tal y como os comentamos, los alumnos nos&nbsp;Cesur Murcia&nbsp;realizar\u00edan una serie de spots para el C-FEM 2019. Pues ya&nbsp;podemos disfrutar de todos los spots, as\u00ed como de los seleccionados como ganador y menci\u00f3n especial. Los spots ganadores se [&hellip;]<\/p>","protected":false},"author":1,"featured_media":296,"comment_status":"open","ping_status":"open","sticky":false,"template":"","format":"video","meta":{"footnotes":""},"categories":[6],"tags":[],"class_list":{"0":"post-294","1":"post","2":"type-post","3":"status-publish","4":"format-video","5":"has-post-thumbnail","7":"category-concurso","8":"post_format-post-format-video"},"yoast_head":"<!-- This site is optimized with the Yoast SEO plugin v24.3 - https:\/\/yoast.com\/wordpress\/plugins\/seo\/ -->\n<title>Ganadores del concurso de Spots C-FEM 2019 - Sombra Festival<\/title>\n<meta name=\"robots\" content=\"index, follow, max-snippet:-1, max-image-preview:large, max-video-preview:-1\" \/>\n<link rel=\"canonical\" href=\"https:\/\/sombrafestival.com\/en\/ganadores-del-concurso-de-spots-c-fem-2019\/\" \/>\n<meta property=\"og:locale\" content=\"en_GB\" \/>\n<meta property=\"og:type\" content=\"article\" \/>\n<meta property=\"og:title\" content=\"Ganadores del concurso de Spots C-FEM 2019 - Sombra Festival\" \/>\n<meta property=\"og:description\" content=\"Ya conocemos los ganadores del concurso de Spots del C-FEM 2019 realizado por alumnos de Cesur audiovisual. Tal y como os comentamos, los alumnos nos&nbsp;Cesur Murcia&nbsp;realizar\u00edan una serie de spots para el C-FEM 2019. Pues ya&nbsp;podemos disfrutar de todos los spots, as\u00ed como de los seleccionados como ganador y menci\u00f3n especial. Los spots ganadores se [&hellip;]\" \/>\n<meta property=\"og:url\" content=\"https:\/\/sombrafestival.com\/en\/ganadores-del-concurso-de-spots-c-fem-2019\/\" \/>\n<meta property=\"og:site_name\" content=\"Sombra Festival\" \/>\n<meta property=\"article:publisher\" content=\"https:\/\/www.facebook.com\/Sombra-Festival-De-CINE-Fantastico-Europeo-De-Murcia-175337032531429\/\" \/>\n<meta property=\"article:published_time\" content=\"2019-03-11T17:51:04+00:00\" \/>\n<meta property=\"og:image\" content=\"https:\/\/sombrafestival.com\/wp-content\/uploads\/2019\/03\/maxresdefault.jpg\" \/>\n\t<meta property=\"og:image:width\" content=\"1280\" \/>\n\t<meta property=\"og:image:height\" content=\"720\" \/>\n\t<meta property=\"og:image:type\" content=\"image\/jpeg\" \/>\n<meta name=\"author\" content=\"jeff\" \/>\n<meta name=\"twitter:card\" content=\"summary_large_image\" \/>\n<meta name=\"twitter:creator\" content=\"@SombraFestival\" \/>\n<meta name=\"twitter:site\" content=\"@SombraFestival\" \/>\n<meta name=\"twitter:label1\" content=\"Written by\" \/>\n\t<meta name=\"twitter:data1\" content=\"jeff\" \/>\n\t<meta name=\"twitter:label2\" content=\"Est. reading time\" \/>\n\t<meta name=\"twitter:data2\" content=\"1 minute\" \/>\n<script type=\"application\/ld+json\" class=\"yoast-schema-graph\">{\"@context\":\"https:\/\/schema.org\",\"@graph\":[{\"@type\":\"Article\",\"@id\":\"https:\/\/sombrafestival.com\/ganadores-del-concurso-de-spots-c-fem-2019\/#article\",\"isPartOf\":{\"@id\":\"https:\/\/sombrafestival.com\/ganadores-del-concurso-de-spots-c-fem-2019\/\"},\"author\":{\"name\":\"jeff\",\"@id\":\"https:\/\/sombrafestival.com\/en\/#\/schema\/person\/bb20d3998e4e628d6d63635f93aa9956\"},\"headline\":\"Ganadores del concurso de Spots C-FEM 2019\",\"datePublished\":\"2019-03-11T17:51:04+00:00\",\"dateModified\":\"2019-03-11T17:51:04+00:00\",\"mainEntityOfPage\":{\"@id\":\"https:\/\/sombrafestival.com\/ganadores-del-concurso-de-spots-c-fem-2019\/\"},\"wordCount\":232,\"commentCount\":0,\"publisher\":{\"@id\":\"https:\/\/sombrafestival.com\/en\/#organization\"},\"image\":{\"@id\":\"https:\/\/sombrafestival.com\/ganadores-del-concurso-de-spots-c-fem-2019\/#primaryimage\"},\"thumbnailUrl\":\"https:\/\/sombrafestival.com\/wp-content\/uploads\/2019\/03\/maxresdefault.jpg\",\"articleSection\":[\"Concurso\"],\"inLanguage\":\"en-GB\",\"potentialAction\":[{\"@type\":\"CommentAction\",\"name\":\"Comment\",\"target\":[\"https:\/\/sombrafestival.com\/ganadores-del-concurso-de-spots-c-fem-2019\/#respond\"]}]},{\"@type\":\"WebPage\",\"@id\":\"https:\/\/sombrafestival.com\/ganadores-del-concurso-de-spots-c-fem-2019\/\",\"url\":\"https:\/\/sombrafestival.com\/ganadores-del-concurso-de-spots-c-fem-2019\/\",\"name\":\"Ganadores del concurso de Spots C-FEM 2019 - Sombra Festival\",\"isPartOf\":{\"@id\":\"https:\/\/sombrafestival.com\/en\/#website\"},\"primaryImageOfPage\":{\"@id\":\"https:\/\/sombrafestival.com\/ganadores-del-concurso-de-spots-c-fem-2019\/#primaryimage\"},\"image\":{\"@id\":\"https:\/\/sombrafestival.com\/ganadores-del-concurso-de-spots-c-fem-2019\/#primaryimage\"},\"thumbnailUrl\":\"https:\/\/sombrafestival.com\/wp-content\/uploads\/2019\/03\/maxresdefault.jpg\",\"datePublished\":\"2019-03-11T17:51:04+00:00\",\"dateModified\":\"2019-03-11T17:51:04+00:00\",\"breadcrumb\":{\"@id\":\"https:\/\/sombrafestival.com\/ganadores-del-concurso-de-spots-c-fem-2019\/#breadcrumb\"},\"inLanguage\":\"en-GB\",\"potentialAction\":[{\"@type\":\"ReadAction\",\"target\":[\"https:\/\/sombrafestival.com\/ganadores-del-concurso-de-spots-c-fem-2019\/\"]}]},{\"@type\":\"ImageObject\",\"inLanguage\":\"en-GB\",\"@id\":\"https:\/\/sombrafestival.com\/ganadores-del-concurso-de-spots-c-fem-2019\/#primaryimage\",\"url\":\"https:\/\/sombrafestival.com\/wp-content\/uploads\/2019\/03\/maxresdefault.jpg\",\"contentUrl\":\"https:\/\/sombrafestival.com\/wp-content\/uploads\/2019\/03\/maxresdefault.jpg\",\"width\":1280,\"height\":720},{\"@type\":\"BreadcrumbList\",\"@id\":\"https:\/\/sombrafestival.com\/ganadores-del-concurso-de-spots-c-fem-2019\/#breadcrumb\",\"itemListElement\":[{\"@type\":\"ListItem\",\"position\":1,\"name\":\"Portada\",\"item\":\"https:\/\/sombrafestival.com\/\"},{\"@type\":\"ListItem\",\"position\":2,\"name\":\"Ganadores del concurso de Spots C-FEM 2019\"}]},{\"@type\":\"WebSite\",\"@id\":\"https:\/\/sombrafestival.com\/en\/#website\",\"url\":\"https:\/\/sombrafestival.com\/en\/\",\"name\":\"Sombra Festival\",\"description\":\"XIII Festival de Cine Fant\u00e1stico Europeo de Murcia, 8-17 MARZO 2024\",\"publisher\":{\"@id\":\"https:\/\/sombrafestival.com\/en\/#organization\"},\"potentialAction\":[{\"@type\":\"SearchAction\",\"target\":{\"@type\":\"EntryPoint\",\"urlTemplate\":\"https:\/\/sombrafestival.com\/en\/?s={search_term_string}\"},\"query-input\":{\"@type\":\"PropertyValueSpecification\",\"valueRequired\":true,\"valueName\":\"search_term_string\"}}],\"inLanguage\":\"en-GB\"},{\"@type\":\"Organization\",\"@id\":\"https:\/\/sombrafestival.com\/en\/#organization\",\"name\":\"SOMBRA, IX FESTIVAL DE CINE FANTASTICO EUROPEO DE MURCIA\",\"url\":\"https:\/\/sombrafestival.com\/en\/\",\"logo\":{\"@type\":\"ImageObject\",\"inLanguage\":\"en-GB\",\"@id\":\"https:\/\/sombrafestival.com\/en\/#\/schema\/logo\/image\/\",\"url\":\"https:\/\/sombrafestival.com\/wp-content\/uploads\/2019\/10\/Sombra-LogoIdentificador-Negativo.jpg\",\"contentUrl\":\"https:\/\/sombrafestival.com\/wp-content\/uploads\/2019\/10\/Sombra-LogoIdentificador-Negativo.jpg\",\"width\":400,\"height\":400,\"caption\":\"SOMBRA, IX FESTIVAL DE CINE FANTASTICO EUROPEO DE MURCIA\"},\"image\":{\"@id\":\"https:\/\/sombrafestival.com\/en\/#\/schema\/logo\/image\/\"},\"sameAs\":[\"https:\/\/www.facebook.com\/Sombra-Festival-De-CINE-Fantastico-Europeo-De-Murcia-175337032531429\/\",\"https:\/\/x.com\/SombraFestival\",\"https:\/\/www.instagram.com\/sombrafestival\/\",\"https:\/\/www.youtube.com\/channel\/UCBdSJni9V30Tq4cGf4Lj0Ug?view_as=subscriber\"]},{\"@type\":\"Person\",\"@id\":\"https:\/\/sombrafestival.com\/en\/#\/schema\/person\/bb20d3998e4e628d6d63635f93aa9956\",\"name\":\"jeff\",\"image\":{\"@type\":\"ImageObject\",\"inLanguage\":\"en-GB\",\"@id\":\"https:\/\/sombrafestival.com\/en\/#\/schema\/person\/image\/\",\"url\":\"https:\/\/secure.gravatar.com\/avatar\/cdca270ede3e24552b0a19da86bfecd8?s=96&d=mm&r=g\",\"contentUrl\":\"https:\/\/secure.gravatar.com\/avatar\/cdca270ede3e24552b0a19da86bfecd8?s=96&d=mm&r=g\",\"caption\":\"jeff\"},\"url\":\"https:\/\/sombrafestival.com\/en\/author\/jeff\/\"}]}<\/script>\n<!-- \/ Yoast SEO plugin. -->","yoast_head_json":{"title":"Ganadores del concurso de Spots C-FEM 2019 - Sombra Festival","robots":{"index":"index","follow":"follow","max-snippet":"max-snippet:-1","max-image-preview":"max-image-preview:large","max-video-preview":"max-video-preview:-1"},"canonical":"https:\/\/sombrafestival.com\/en\/ganadores-del-concurso-de-spots-c-fem-2019\/","og_locale":"en_GB","og_type":"article","og_title":"Ganadores del concurso de Spots C-FEM 2019 - Sombra Festival","og_description":"Ya conocemos los ganadores del concurso de Spots del C-FEM 2019 realizado por alumnos de Cesur audiovisual. Tal y como os comentamos, los alumnos nos&nbsp;Cesur Murcia&nbsp;realizar\u00edan una serie de spots para el C-FEM 2019. Pues ya&nbsp;podemos disfrutar de todos los spots, as\u00ed como de los seleccionados como ganador y menci\u00f3n especial. Los spots ganadores se [&hellip;]","og_url":"https:\/\/sombrafestival.com\/en\/ganadores-del-concurso-de-spots-c-fem-2019\/","og_site_name":"Sombra Festival","article_publisher":"https:\/\/www.facebook.com\/Sombra-Festival-De-CINE-Fantastico-Europeo-De-Murcia-175337032531429\/","article_published_time":"2019-03-11T17:51:04+00:00","og_image":[{"width":1280,"height":720,"url":"https:\/\/sombrafestival.com\/wp-content\/uploads\/2019\/03\/maxresdefault.jpg","type":"image\/jpeg"}],"author":"jeff","twitter_card":"summary_large_image","twitter_creator":"@SombraFestival","twitter_site":"@SombraFestival","twitter_misc":{"Written by":"jeff","Est. reading time":"1 minute"},"schema":{"@context":"https:\/\/schema.org","@graph":[{"@type":"Article","@id":"https:\/\/sombrafestival.com\/ganadores-del-concurso-de-spots-c-fem-2019\/#article","isPartOf":{"@id":"https:\/\/sombrafestival.com\/ganadores-del-concurso-de-spots-c-fem-2019\/"},"author":{"name":"jeff","@id":"https:\/\/sombrafestival.com\/en\/#\/schema\/person\/bb20d3998e4e628d6d63635f93aa9956"},"headline":"Ganadores del concurso de Spots C-FEM 2019","datePublished":"2019-03-11T17:51:04+00:00","dateModified":"2019-03-11T17:51:04+00:00","mainEntityOfPage":{"@id":"https:\/\/sombrafestival.com\/ganadores-del-concurso-de-spots-c-fem-2019\/"},"wordCount":232,"commentCount":0,"publisher":{"@id":"https:\/\/sombrafestival.com\/en\/#organization"},"image":{"@id":"https:\/\/sombrafestival.com\/ganadores-del-concurso-de-spots-c-fem-2019\/#primaryimage"},"thumbnailUrl":"https:\/\/sombrafestival.com\/wp-content\/uploads\/2019\/03\/maxresdefault.jpg","articleSection":["Concurso"],"inLanguage":"en-GB","potentialAction":[{"@type":"CommentAction","name":"Comment","target":["https:\/\/sombrafestival.com\/ganadores-del-concurso-de-spots-c-fem-2019\/#respond"]}]},{"@type":"WebPage","@id":"https:\/\/sombrafestival.com\/ganadores-del-concurso-de-spots-c-fem-2019\/","url":"https:\/\/sombrafestival.com\/ganadores-del-concurso-de-spots-c-fem-2019\/","name":"Ganadores del concurso de Spots C-FEM 2019 - Sombra Festival","isPartOf":{"@id":"https:\/\/sombrafestival.com\/en\/#website"},"primaryImageOfPage":{"@id":"https:\/\/sombrafestival.com\/ganadores-del-concurso-de-spots-c-fem-2019\/#primaryimage"},"image":{"@id":"https:\/\/sombrafestival.com\/ganadores-del-concurso-de-spots-c-fem-2019\/#primaryimage"},"thumbnailUrl":"https:\/\/sombrafestival.com\/wp-content\/uploads\/2019\/03\/maxresdefault.jpg","datePublished":"2019-03-11T17:51:04+00:00","dateModified":"2019-03-11T17:51:04+00:00","breadcrumb":{"@id":"https:\/\/sombrafestival.com\/ganadores-del-concurso-de-spots-c-fem-2019\/#breadcrumb"},"inLanguage":"en-GB","potentialAction":[{"@type":"ReadAction","target":["https:\/\/sombrafestival.com\/ganadores-del-concurso-de-spots-c-fem-2019\/"]}]},{"@type":"ImageObject","inLanguage":"en-GB","@id":"https:\/\/sombrafestival.com\/ganadores-del-concurso-de-spots-c-fem-2019\/#primaryimage","url":"https:\/\/sombrafestival.com\/wp-content\/uploads\/2019\/03\/maxresdefault.jpg","contentUrl":"https:\/\/sombrafestival.com\/wp-content\/uploads\/2019\/03\/maxresdefault.jpg","width":1280,"height":720},{"@type":"BreadcrumbList","@id":"https:\/\/sombrafestival.com\/ganadores-del-concurso-de-spots-c-fem-2019\/#breadcrumb","itemListElement":[{"@type":"ListItem","position":1,"name":"Portada","item":"https:\/\/sombrafestival.com\/"},{"@type":"ListItem","position":2,"name":"Ganadores del concurso de Spots C-FEM 2019"}]},{"@type":"WebSite","@id":"https:\/\/sombrafestival.com\/en\/#website","url":"https:\/\/sombrafestival.com\/en\/","name":"Sombra Festival","description":"XIII Festival de Cine Fant\u00e1stico Europeo de Murcia, 8-17 MARZO 2024","publisher":{"@id":"https:\/\/sombrafestival.com\/en\/#organization"},"potentialAction":[{"@type":"SearchAction","target":{"@type":"EntryPoint","urlTemplate":"https:\/\/sombrafestival.com\/en\/?s={search_term_string}"},"query-input":{"@type":"PropertyValueSpecification","valueRequired":true,"valueName":"search_term_string"}}],"inLanguage":"en-GB"},{"@type":"Organization","@id":"https:\/\/sombrafestival.com\/en\/#organization","name":"SOMBRA, IX FESTIVAL DE CINE FANTASTICO EUROPEO DE MURCIA","url":"https:\/\/sombrafestival.com\/en\/","logo":{"@type":"ImageObject","inLanguage":"en-GB","@id":"https:\/\/sombrafestival.com\/en\/#\/schema\/logo\/image\/","url":"https:\/\/sombrafestival.com\/wp-content\/uploads\/2019\/10\/Sombra-LogoIdentificador-Negativo.jpg","contentUrl":"https:\/\/sombrafestival.com\/wp-content\/uploads\/2019\/10\/Sombra-LogoIdentificador-Negativo.jpg","width":400,"height":400,"caption":"SOMBRA, IX FESTIVAL DE CINE FANTASTICO EUROPEO DE MURCIA"},"image":{"@id":"https:\/\/sombrafestival.com\/en\/#\/schema\/logo\/image\/"},"sameAs":["https:\/\/www.facebook.com\/Sombra-Festival-De-CINE-Fantastico-Europeo-De-Murcia-175337032531429\/","https:\/\/x.com\/SombraFestival","https:\/\/www.instagram.com\/sombrafestival\/","https:\/\/www.youtube.com\/channel\/UCBdSJni9V30Tq4cGf4Lj0Ug?view_as=subscriber"]},{"@type":"Person","@id":"https:\/\/sombrafestival.com\/en\/#\/schema\/person\/bb20d3998e4e628d6d63635f93aa9956","name":"jeff","image":{"@type":"ImageObject","inLanguage":"en-GB","@id":"https:\/\/sombrafestival.com\/en\/#\/schema\/person\/image\/","url":"https:\/\/secure.gravatar.com\/avatar\/cdca270ede3e24552b0a19da86bfecd8?s=96&d=mm&r=g","contentUrl":"https:\/\/secure.gravatar.com\/avatar\/cdca270ede3e24552b0a19da86bfecd8?s=96&d=mm&r=g","caption":"jeff"},"url":"https:\/\/sombrafestival.com\/en\/author\/jeff\/"}]}},"_links":{"self":[{"href":"https:\/\/sombrafestival.com\/en\/wp-json\/wp\/v2\/posts\/294","targetHints":{"allow":["GET"]}}],"collection":[{"href":"https:\/\/sombrafestival.com\/en\/wp-json\/wp\/v2\/posts"}],"about":[{"href":"https:\/\/sombrafestival.com\/en\/wp-json\/wp\/v2\/types\/post"}],"author":[{"embeddable":true,"href":"https:\/\/sombrafestival.com\/en\/wp-json\/wp\/v2\/users\/1"}],"replies":[{"embeddable":true,"href":"https:\/\/sombrafestival.com\/en\/wp-json\/wp\/v2\/comments?post=294"}],"version-history":[{"count":0,"href":"https:\/\/sombrafestival.com\/en\/wp-json\/wp\/v2\/posts\/294\/revisions"}],"wp:featuredmedia":[{"embeddable":true,"href":"https:\/\/sombrafestival.com\/en\/wp-json\/wp\/v2\/media\/296"}],"wp:attachment":[{"href":"https:\/\/sombrafestival.com\/en\/wp-json\/wp\/v2\/media?parent=294"}],"wp:term":[{"taxonomy":"category","embeddable":true,"href":"https:\/\/sombrafestival.com\/en\/wp-json\/wp\/v2\/categories?post=294"},{"taxonomy":"post_tag","embeddable":true,"href":"https:\/\/sombrafestival.com\/en\/wp-json\/wp\/v2\/tags?post=294"}],"curies":[{"name":"wp","href":"https:\/\/api.w.org\/{rel}","templated":true}]}}