{"id":997,"date":"2019-12-22T19:25:02","date_gmt":"2019-12-22T18:25:02","guid":{"rendered":"https:\/\/sombrafestival.com\/?p=997"},"modified":"2019-12-22T19:27:46","modified_gmt":"2019-12-22T18:27:46","slug":"regala-abono-sombra-por-navidad","status":"publish","type":"post","link":"https:\/\/sombrafestival.com\/en\/regala-abono-sombra-por-navidad\/","title":{"rendered":"REGALA ABONO SOMBRA POR NAVIDAD"},"content":{"rendered":"<p>\u00bfCansado de regalar corbatas?. \u00bfDeseoso de aterrorizar a tu cu\u00f1ado?. \u00bfSo\u00f1ando con cargarte a alguien de una indigesti\u00f3n scifi?. Pues aqu\u00ed tenemos la soluci\u00f3n: regala un ABONO SOMBRA, con derecho a 15 peliculones por solo 30 euros, abarcando todas las secciones del Festival.<br><br>La cosa es del 20 al 28 de Marzo, en la Filmoteca Regional, y los abonos est\u00e1n disponibles desde ya aqu\u00ed:<br><br><a rel=\"noreferrer noopener\" aria-label=\"https:\/\/entradium.com\/events\/abonos-ix-sombra-festival-de-cine-fantastic-europeo-de-murcia (se abre en una nueva pesta\u00f1a)\" href=\"https:\/\/entradium.com\/events\/abonos-ix-sombra-festival-de-cine-fantastic-europeo-de-murcia\" target=\"_blank\">https:\/\/entradium.com\/events\/abonos-ix-sombra-festival-de-cine-fantastic-europeo-de-murcia<br><\/a><br><\/p>","protected":false},"excerpt":{"rendered":"<p>\u00bfCansado de regalar corbatas?. \u00bfDeseoso de aterrorizar a tu cu\u00f1ado?. \u00bfSo\u00f1ando con cargarte a alguien de una indigesti\u00f3n scifi?. Pues aqu\u00ed tenemos la soluci\u00f3n: regala un ABONO SOMBRA, con derecho a 15 peliculones por solo 30 euros, abarcando todas las secciones del Festival. La cosa es del 20 al 28 de Marzo, en la Filmoteca [&hellip;]<\/p>","protected":false},"author":2,"featured_media":998,"comment_status":"closed","ping_status":"open","sticky":false,"template":"","format":"standard","meta":{"footnotes":""},"categories":[1],"tags":[],"class_list":{"0":"post-997","1":"post","2":"type-post","3":"status-publish","4":"format-standard","5":"has-post-thumbnail","7":"category-noticias"},"yoast_head":"<!-- This site is optimized with the Yoast SEO plugin v24.3 - https:\/\/yoast.com\/wordpress\/plugins\/seo\/ -->\n<title>REGALA ABONO SOMBRA POR NAVIDAD - Sombra Festival<\/title>\n<meta name=\"robots\" content=\"index, follow, max-snippet:-1, max-image-preview:large, max-video-preview:-1\" \/>\n<link rel=\"canonical\" href=\"https:\/\/sombrafestival.com\/en\/regala-abono-sombra-por-navidad\/\" \/>\n<meta property=\"og:locale\" content=\"en_GB\" \/>\n<meta property=\"og:type\" content=\"article\" \/>\n<meta property=\"og:title\" content=\"REGALA ABONO SOMBRA POR NAVIDAD - Sombra Festival\" \/>\n<meta property=\"og:description\" content=\"\u00bfCansado de regalar corbatas?. \u00bfDeseoso de aterrorizar a tu cu\u00f1ado?. \u00bfSo\u00f1ando con cargarte a alguien de una indigesti\u00f3n scifi?. Pues aqu\u00ed tenemos la soluci\u00f3n: regala un ABONO SOMBRA, con derecho a 15 peliculones por solo 30 euros, abarcando todas las secciones del Festival. La cosa es del 20 al 28 de Marzo, en la Filmoteca [&hellip;]\" \/>\n<meta property=\"og:url\" content=\"https:\/\/sombrafestival.com\/en\/regala-abono-sombra-por-navidad\/\" \/>\n<meta property=\"og:site_name\" content=\"Sombra Festival\" \/>\n<meta property=\"article:publisher\" content=\"https:\/\/www.facebook.com\/Sombra-Festival-De-CINE-Fantastico-Europeo-De-Murcia-175337032531429\/\" \/>\n<meta property=\"article:published_time\" content=\"2019-12-22T18:25:02+00:00\" \/>\n<meta property=\"article:modified_time\" content=\"2019-12-22T18:27:46+00:00\" \/>\n<meta property=\"og:image\" content=\"https:\/\/sombrafestival.com\/wp-content\/uploads\/2019\/12\/ventanorojo.jpg\" \/>\n\t<meta property=\"og:image:width\" content=\"2200\" \/>\n\t<meta property=\"og:image:height\" content=\"2200\" \/>\n\t<meta property=\"og:image:type\" content=\"image\/jpeg\" \/>\n<meta name=\"author\" content=\"Sombra\" \/>\n<meta name=\"twitter:card\" content=\"summary_large_image\" \/>\n<meta name=\"twitter:creator\" content=\"@SombraFestival\" \/>\n<meta name=\"twitter:site\" content=\"@SombraFestival\" \/>\n<meta name=\"twitter:label1\" content=\"Written by\" \/>\n\t<meta name=\"twitter:data1\" content=\"Sombra\" \/>\n<script type=\"application\/ld+json\" class=\"yoast-schema-graph\">{\"@context\":\"https:\/\/schema.org\",\"@graph\":[{\"@type\":\"Article\",\"@id\":\"https:\/\/sombrafestival.com\/regala-abono-sombra-por-navidad\/#article\",\"isPartOf\":{\"@id\":\"https:\/\/sombrafestival.com\/regala-abono-sombra-por-navidad\/\"},\"author\":{\"name\":\"Sombra\",\"@id\":\"https:\/\/sombrafestival.com\/en\/#\/schema\/person\/5b4e2e16a807487562dc67313a1794a6\"},\"headline\":\"REGALA ABONO SOMBRA POR NAVIDAD\",\"datePublished\":\"2019-12-22T18:25:02+00:00\",\"dateModified\":\"2019-12-22T18:27:46+00:00\",\"mainEntityOfPage\":{\"@id\":\"https:\/\/sombrafestival.com\/regala-abono-sombra-por-navidad\/\"},\"wordCount\":75,\"publisher\":{\"@id\":\"https:\/\/sombrafestival.com\/en\/#organization\"},\"image\":{\"@id\":\"https:\/\/sombrafestival.com\/regala-abono-sombra-por-navidad\/#primaryimage\"},\"thumbnailUrl\":\"https:\/\/sombrafestival.com\/wp-content\/uploads\/2019\/12\/ventanorojo.jpg\",\"articleSection\":[\"Noticias\"],\"inLanguage\":\"en-GB\"},{\"@type\":\"WebPage\",\"@id\":\"https:\/\/sombrafestival.com\/regala-abono-sombra-por-navidad\/\",\"url\":\"https:\/\/sombrafestival.com\/regala-abono-sombra-por-navidad\/\",\"name\":\"REGALA ABONO SOMBRA POR NAVIDAD - Sombra Festival\",\"isPartOf\":{\"@id\":\"https:\/\/sombrafestival.com\/en\/#website\"},\"primaryImageOfPage\":{\"@id\":\"https:\/\/sombrafestival.com\/regala-abono-sombra-por-navidad\/#primaryimage\"},\"image\":{\"@id\":\"https:\/\/sombrafestival.com\/regala-abono-sombra-por-navidad\/#primaryimage\"},\"thumbnailUrl\":\"https:\/\/sombrafestival.com\/wp-content\/uploads\/2019\/12\/ventanorojo.jpg\",\"datePublished\":\"2019-12-22T18:25:02+00:00\",\"dateModified\":\"2019-12-22T18:27:46+00:00\",\"breadcrumb\":{\"@id\":\"https:\/\/sombrafestival.com\/regala-abono-sombra-por-navidad\/#breadcrumb\"},\"inLanguage\":\"en-GB\",\"potentialAction\":[{\"@type\":\"ReadAction\",\"target\":[\"https:\/\/sombrafestival.com\/regala-abono-sombra-por-navidad\/\"]}]},{\"@type\":\"ImageObject\",\"inLanguage\":\"en-GB\",\"@id\":\"https:\/\/sombrafestival.com\/regala-abono-sombra-por-navidad\/#primaryimage\",\"url\":\"https:\/\/sombrafestival.com\/wp-content\/uploads\/2019\/12\/ventanorojo.jpg\",\"contentUrl\":\"https:\/\/sombrafestival.com\/wp-content\/uploads\/2019\/12\/ventanorojo.jpg\",\"width\":2200,\"height\":2200},{\"@type\":\"BreadcrumbList\",\"@id\":\"https:\/\/sombrafestival.com\/regala-abono-sombra-por-navidad\/#breadcrumb\",\"itemListElement\":[{\"@type\":\"ListItem\",\"position\":1,\"name\":\"Portada\",\"item\":\"https:\/\/sombrafestival.com\/\"},{\"@type\":\"ListItem\",\"position\":2,\"name\":\"REGALA ABONO SOMBRA POR NAVIDAD\"}]},{\"@type\":\"WebSite\",\"@id\":\"https:\/\/sombrafestival.com\/en\/#website\",\"url\":\"https:\/\/sombrafestival.com\/en\/\",\"name\":\"Sombra Festival\",\"description\":\"XIII Festival de Cine Fant\u00e1stico Europeo de Murcia, 8-17 MARZO 2024\",\"publisher\":{\"@id\":\"https:\/\/sombrafestival.com\/en\/#organization\"},\"potentialAction\":[{\"@type\":\"SearchAction\",\"target\":{\"@type\":\"EntryPoint\",\"urlTemplate\":\"https:\/\/sombrafestival.com\/en\/?s={search_term_string}\"},\"query-input\":{\"@type\":\"PropertyValueSpecification\",\"valueRequired\":true,\"valueName\":\"search_term_string\"}}],\"inLanguage\":\"en-GB\"},{\"@type\":\"Organization\",\"@id\":\"https:\/\/sombrafestival.com\/en\/#organization\",\"name\":\"SOMBRA, IX FESTIVAL DE CINE FANTASTICO EUROPEO DE MURCIA\",\"url\":\"https:\/\/sombrafestival.com\/en\/\",\"logo\":{\"@type\":\"ImageObject\",\"inLanguage\":\"en-GB\",\"@id\":\"https:\/\/sombrafestival.com\/en\/#\/schema\/logo\/image\/\",\"url\":\"https:\/\/sombrafestival.com\/wp-content\/uploads\/2019\/10\/Sombra-LogoIdentificador-Negativo.jpg\",\"contentUrl\":\"https:\/\/sombrafestival.com\/wp-content\/uploads\/2019\/10\/Sombra-LogoIdentificador-Negativo.jpg\",\"width\":400,\"height\":400,\"caption\":\"SOMBRA, IX FESTIVAL DE CINE FANTASTICO EUROPEO DE MURCIA\"},\"image\":{\"@id\":\"https:\/\/sombrafestival.com\/en\/#\/schema\/logo\/image\/\"},\"sameAs\":[\"https:\/\/www.facebook.com\/Sombra-Festival-De-CINE-Fantastico-Europeo-De-Murcia-175337032531429\/\",\"https:\/\/x.com\/SombraFestival\",\"https:\/\/www.instagram.com\/sombrafestival\/\",\"https:\/\/www.youtube.com\/channel\/UCBdSJni9V30Tq4cGf4Lj0Ug?view_as=subscriber\"]},{\"@type\":\"Person\",\"@id\":\"https:\/\/sombrafestival.com\/en\/#\/schema\/person\/5b4e2e16a807487562dc67313a1794a6\",\"name\":\"Sombra\",\"image\":{\"@type\":\"ImageObject\",\"inLanguage\":\"en-GB\",\"@id\":\"https:\/\/sombrafestival.com\/en\/#\/schema\/person\/image\/\",\"url\":\"https:\/\/secure.gravatar.com\/avatar\/78f04b11f1bd514b76c1be25b7b9b9d5?s=96&d=mm&r=g\",\"contentUrl\":\"https:\/\/secure.gravatar.com\/avatar\/78f04b11f1bd514b76c1be25b7b9b9d5?s=96&d=mm&r=g\",\"caption\":\"Sombra\"},\"url\":\"https:\/\/sombrafestival.com\/en\/author\/javier\/\"}]}<\/script>\n<!-- \/ Yoast SEO plugin. -->","yoast_head_json":{"title":"REGALA ABONO SOMBRA POR NAVIDAD - Sombra Festival","robots":{"index":"index","follow":"follow","max-snippet":"max-snippet:-1","max-image-preview":"max-image-preview:large","max-video-preview":"max-video-preview:-1"},"canonical":"https:\/\/sombrafestival.com\/en\/regala-abono-sombra-por-navidad\/","og_locale":"en_GB","og_type":"article","og_title":"REGALA ABONO SOMBRA POR NAVIDAD - Sombra Festival","og_description":"\u00bfCansado de regalar corbatas?. \u00bfDeseoso de aterrorizar a tu cu\u00f1ado?. \u00bfSo\u00f1ando con cargarte a alguien de una indigesti\u00f3n scifi?. Pues aqu\u00ed tenemos la soluci\u00f3n: regala un ABONO SOMBRA, con derecho a 15 peliculones por solo 30 euros, abarcando todas las secciones del Festival. La cosa es del 20 al 28 de Marzo, en la Filmoteca [&hellip;]","og_url":"https:\/\/sombrafestival.com\/en\/regala-abono-sombra-por-navidad\/","og_site_name":"Sombra Festival","article_publisher":"https:\/\/www.facebook.com\/Sombra-Festival-De-CINE-Fantastico-Europeo-De-Murcia-175337032531429\/","article_published_time":"2019-12-22T18:25:02+00:00","article_modified_time":"2019-12-22T18:27:46+00:00","og_image":[{"width":2200,"height":2200,"url":"https:\/\/sombrafestival.com\/wp-content\/uploads\/2019\/12\/ventanorojo.jpg","type":"image\/jpeg"}],"author":"Sombra","twitter_card":"summary_large_image","twitter_creator":"@SombraFestival","twitter_site":"@SombraFestival","twitter_misc":{"Written by":"Sombra"},"schema":{"@context":"https:\/\/schema.org","@graph":[{"@type":"Article","@id":"https:\/\/sombrafestival.com\/regala-abono-sombra-por-navidad\/#article","isPartOf":{"@id":"https:\/\/sombrafestival.com\/regala-abono-sombra-por-navidad\/"},"author":{"name":"Sombra","@id":"https:\/\/sombrafestival.com\/en\/#\/schema\/person\/5b4e2e16a807487562dc67313a1794a6"},"headline":"REGALA ABONO SOMBRA POR NAVIDAD","datePublished":"2019-12-22T18:25:02+00:00","dateModified":"2019-12-22T18:27:46+00:00","mainEntityOfPage":{"@id":"https:\/\/sombrafestival.com\/regala-abono-sombra-por-navidad\/"},"wordCount":75,"publisher":{"@id":"https:\/\/sombrafestival.com\/en\/#organization"},"image":{"@id":"https:\/\/sombrafestival.com\/regala-abono-sombra-por-navidad\/#primaryimage"},"thumbnailUrl":"https:\/\/sombrafestival.com\/wp-content\/uploads\/2019\/12\/ventanorojo.jpg","articleSection":["Noticias"],"inLanguage":"en-GB"},{"@type":"WebPage","@id":"https:\/\/sombrafestival.com\/regala-abono-sombra-por-navidad\/","url":"https:\/\/sombrafestival.com\/regala-abono-sombra-por-navidad\/","name":"REGALA ABONO SOMBRA POR NAVIDAD - Sombra Festival","isPartOf":{"@id":"https:\/\/sombrafestival.com\/en\/#website"},"primaryImageOfPage":{"@id":"https:\/\/sombrafestival.com\/regala-abono-sombra-por-navidad\/#primaryimage"},"image":{"@id":"https:\/\/sombrafestival.com\/regala-abono-sombra-por-navidad\/#primaryimage"},"thumbnailUrl":"https:\/\/sombrafestival.com\/wp-content\/uploads\/2019\/12\/ventanorojo.jpg","datePublished":"2019-12-22T18:25:02+00:00","dateModified":"2019-12-22T18:27:46+00:00","breadcrumb":{"@id":"https:\/\/sombrafestival.com\/regala-abono-sombra-por-navidad\/#breadcrumb"},"inLanguage":"en-GB","potentialAction":[{"@type":"ReadAction","target":["https:\/\/sombrafestival.com\/regala-abono-sombra-por-navidad\/"]}]},{"@type":"ImageObject","inLanguage":"en-GB","@id":"https:\/\/sombrafestival.com\/regala-abono-sombra-por-navidad\/#primaryimage","url":"https:\/\/sombrafestival.com\/wp-content\/uploads\/2019\/12\/ventanorojo.jpg","contentUrl":"https:\/\/sombrafestival.com\/wp-content\/uploads\/2019\/12\/ventanorojo.jpg","width":2200,"height":2200},{"@type":"BreadcrumbList","@id":"https:\/\/sombrafestival.com\/regala-abono-sombra-por-navidad\/#breadcrumb","itemListElement":[{"@type":"ListItem","position":1,"name":"Portada","item":"https:\/\/sombrafestival.com\/"},{"@type":"ListItem","position":2,"name":"REGALA ABONO SOMBRA POR NAVIDAD"}]},{"@type":"WebSite","@id":"https:\/\/sombrafestival.com\/en\/#website","url":"https:\/\/sombrafestival.com\/en\/","name":"Sombra Festival","description":"XIII Festival de Cine Fant\u00e1stico Europeo de Murcia, 8-17 MARZO 2024","publisher":{"@id":"https:\/\/sombrafestival.com\/en\/#organization"},"potentialAction":[{"@type":"SearchAction","target":{"@type":"EntryPoint","urlTemplate":"https:\/\/sombrafestival.com\/en\/?s={search_term_string}"},"query-input":{"@type":"PropertyValueSpecification","valueRequired":true,"valueName":"search_term_string"}}],"inLanguage":"en-GB"},{"@type":"Organization","@id":"https:\/\/sombrafestival.com\/en\/#organization","name":"SOMBRA, IX FESTIVAL DE CINE FANTASTICO EUROPEO DE MURCIA","url":"https:\/\/sombrafestival.com\/en\/","logo":{"@type":"ImageObject","inLanguage":"en-GB","@id":"https:\/\/sombrafestival.com\/en\/#\/schema\/logo\/image\/","url":"https:\/\/sombrafestival.com\/wp-content\/uploads\/2019\/10\/Sombra-LogoIdentificador-Negativo.jpg","contentUrl":"https:\/\/sombrafestival.com\/wp-content\/uploads\/2019\/10\/Sombra-LogoIdentificador-Negativo.jpg","width":400,"height":400,"caption":"SOMBRA, IX FESTIVAL DE CINE FANTASTICO EUROPEO DE MURCIA"},"image":{"@id":"https:\/\/sombrafestival.com\/en\/#\/schema\/logo\/image\/"},"sameAs":["https:\/\/www.facebook.com\/Sombra-Festival-De-CINE-Fantastico-Europeo-De-Murcia-175337032531429\/","https:\/\/x.com\/SombraFestival","https:\/\/www.instagram.com\/sombrafestival\/","https:\/\/www.youtube.com\/channel\/UCBdSJni9V30Tq4cGf4Lj0Ug?view_as=subscriber"]},{"@type":"Person","@id":"https:\/\/sombrafestival.com\/en\/#\/schema\/person\/5b4e2e16a807487562dc67313a1794a6","name":"Sombra","image":{"@type":"ImageObject","inLanguage":"en-GB","@id":"https:\/\/sombrafestival.com\/en\/#\/schema\/person\/image\/","url":"https:\/\/secure.gravatar.com\/avatar\/78f04b11f1bd514b76c1be25b7b9b9d5?s=96&d=mm&r=g","contentUrl":"https:\/\/secure.gravatar.com\/avatar\/78f04b11f1bd514b76c1be25b7b9b9d5?s=96&d=mm&r=g","caption":"Sombra"},"url":"https:\/\/sombrafestival.com\/en\/author\/javier\/"}]}},"_links":{"self":[{"href":"https:\/\/sombrafestival.com\/en\/wp-json\/wp\/v2\/posts\/997","targetHints":{"allow":["GET"]}}],"collection":[{"href":"https:\/\/sombrafestival.com\/en\/wp-json\/wp\/v2\/posts"}],"about":[{"href":"https:\/\/sombrafestival.com\/en\/wp-json\/wp\/v2\/types\/post"}],"author":[{"embeddable":true,"href":"https:\/\/sombrafestival.com\/en\/wp-json\/wp\/v2\/users\/2"}],"replies":[{"embeddable":true,"href":"https:\/\/sombrafestival.com\/en\/wp-json\/wp\/v2\/comments?post=997"}],"version-history":[{"count":2,"href":"https:\/\/sombrafestival.com\/en\/wp-json\/wp\/v2\/posts\/997\/revisions"}],"predecessor-version":[{"id":1000,"href":"https:\/\/sombrafestival.com\/en\/wp-json\/wp\/v2\/posts\/997\/revisions\/1000"}],"wp:featuredmedia":[{"embeddable":true,"href":"https:\/\/sombrafestival.com\/en\/wp-json\/wp\/v2\/media\/998"}],"wp:attachment":[{"href":"https:\/\/sombrafestival.com\/en\/wp-json\/wp\/v2\/media?parent=997"}],"wp:term":[{"taxonomy":"category","embeddable":true,"href":"https:\/\/sombrafestival.com\/en\/wp-json\/wp\/v2\/categories?post=997"},{"taxonomy":"post_tag","embeddable":true,"href":"https:\/\/sombrafestival.com\/en\/wp-json\/wp\/v2\/tags?post=997"}],"curies":[{"name":"wp","href":"https:\/\/api.w.org\/{rel}","templated":true}]}}